{"id":84,"date":"2016-02-19T12:36:44","date_gmt":"2016-02-19T10:36:44","guid":{"rendered":"https:\/\/www.petlican.com\/blog\/?p=84"},"modified":"2017-12-11T15:01:36","modified_gmt":"2017-12-11T12:01:36","slug":"guvercinlerin-uretim-donemi-bakimi","status":"publish","type":"post","link":"https:\/\/www.petlican.com\/blog\/guvercinler\/guvercinlerin-uretim-donemi-bakimi\/","title":{"rendered":"G\u00fcvercinlerin \u00dcretim D\u00f6nemi Bak\u0131m\u0131"},"content":{"rendered":"<p><a href=\"https:\/\/www.petlican.com\/blog\/wp-content\/uploads\/2016\/02\/guvercin-uretim-do\u0308nemi-bakimi.jpg\" rel=\"attachment wp-att-87\"><img decoding=\"async\" class=\"alignnone size-full wp-image-2759\" src=\"https:\/\/www.petlican.com\/blog\/wp-content\/uploads\/2016\/02\/guvercin-uretim-do\u0308nemi-bakimi-1.jpg\" alt=\"\" width=\"600\" height=\"810\" srcset=\"https:\/\/www.petlican.com\/blog\/wp-content\/uploads\/2016\/02\/guvercin-uretim-do\u0308nemi-bakimi-1.jpg 600w, https:\/\/www.petlican.com\/blog\/wp-content\/uploads\/2016\/02\/guvercin-uretim-do\u0308nemi-bakimi-1-222x300.jpg 222w, https:\/\/www.petlican.com\/blog\/wp-content\/uploads\/2016\/02\/guvercin-uretim-do\u0308nemi-bakimi-1-545x736.jpg 545w\" sizes=\"(max-width: 600px) 100vw, 600px\" \/><\/a><\/p>\n<p><strong>G\u00fcvercinlerin \u00dcretim (Yavru) D\u00f6nemi Bak\u0131m\u0131<\/strong><\/p>\n<p>G\u00fcvercinlerin yavrulama d\u00f6nemleri, g\u00fcvercin yeti\u015ftiricileri ve g\u00fcvercin sahipleri i\u00e7in tarifi imkans\u0131z bir heyecand\u0131r. Bu heyecan dolu \u00fcretim d\u00f6nemini hem ebeveyn g\u00fcvercinlerin hem de yeni yavru g\u00fcvercinlerin sa\u011fl\u0131kl\u0131 atlatabilmesi i\u00e7in \u00f6zenli ve titiz davranmak gereklidir. Elbette g\u00fcvercinlerin \u00fcretim d\u00f6nemini sa\u011fl\u0131kl\u0131 ge\u00e7irmesi i\u00e7in, onlara yaln\u0131zca bu d\u00f6nemde de\u011fil, genel olarak t\u00fcm bak\u0131mlar\u0131nda \u00f6zenli davranmak ve bak\u0131mlar\u0131na dikkatli ve titiz olmak gerekti\u011finin de alt\u0131n\u0131 \u00e7izmeliyiz.<\/p>\n<p><strong><em>G\u00fcvercinlerin bir y\u0131ll\u0131k bak\u0131mlar\u0131nda temel olarak \u00fc\u00e7 d\u00f6nem vard\u0131r<\/em><\/strong>. Bu yaz\u0131m\u0131zda, g\u00fcvercinlerin \u00fcretim d\u00f6nemi bak\u0131m\u0131na yak\u0131ndan bakaca\u011f\u0131z. T\u00fcy d\u00f6nemi ve k\u0131\u015f d\u00f6nemi bak\u0131m\u0131na dair detayl\u0131 bilgiye ula\u015fmak isterseniz, a\u015fa\u011f\u0131daki ba\u015fl\u0131klara t\u0131klayabilirsiniz.<strong>\u00a0<\/strong><\/p>\n<ul>\n<li><a href=\"https:\/\/www.petlican.com\/blog\/guvercinler\/guvercin-tuy-donemi-bakimi\/\"><strong>T\u00fcy D\u00f6nemi Bak\u0131m\u0131<\/strong><\/a><\/li>\n<li><a href=\"https:\/\/www.petlican.com\/blog\/guvercinler\/guvercin-kis-bakimi\/\"><strong>K\u0131\u015f D\u00f6nemi Bak\u0131m\u0131<\/strong><\/a><\/li>\n<li><strong>\u00dcretim (Yavru) D\u00f6nemi Bak\u0131m\u0131 <\/strong><\/li>\n<\/ul>\n<p><strong>\u00a0<\/strong>G\u00fcvercinlerin \u00fcretim, yani yavru alma d\u00f6nemi, her yuvan\u0131n \u015fartlar\u0131na ba\u011fl\u0131 olarak de\u011fi\u015fse bile, \u00fc\u00e7 a\u015fa\u011f\u0131 be\u015f yukar\u0131 Mart ay\u0131n\u0131n ilk haftas\u0131 say\u0131labilir. Bu nedenle Mart ay\u0131n\u0131n ilk haftas\u0131na gelmeden ya da ba\u015fka deyi\u015fle yeti\u015fkin g\u00fcvercinleri \u00e7iftle\u015fmeleri i\u00e7in bir araya getirmeden evvel yakla\u015f\u0131k bir ay \u00f6nceden sahip olunan g\u00fcvercinlerin genel sa\u011fl\u0131k durumlar\u0131 g\u00f6zden ge\u00e7irilmelidir. \u00d6zellikle salmonella, koksiyodiz ya da kurt gibi sa\u011fl\u0131k problemlerinin olup olmad\u0131\u011f\u0131na bak\u0131lmal\u0131 ve gerekiyorsa bu hastal\u0131klara kar\u015f\u0131 \u00f6nlem al\u0131nmal\u0131d\u0131r. Bu hastal\u0131klara kar\u015f\u0131 gerekli \u00f6nlemler al\u0131nd\u0131ktan sonra Mart ay\u0131n\u0131n gelmesiyle g\u00fcvercinler birbirleriyle e\u015fle\u015febilmeleri i\u00e7in bir araya getirilmelidir. G\u00fcvercinleri bir araya getirmeden iki \u00fc\u00e7 g\u00fcn \u00f6ncesinde onlara <strong><em>E vitamini<\/em><\/strong> takviyesi yapmak, sahip olunan g\u00fcvercinlerin d\u00f6l verimlili\u011fini art\u0131racak ve d\u00fcnyaya gelecek yavrunun sa\u011fl\u0131kl\u0131 olmas\u0131n\u0131 sa\u011flayacak bir p\u00fcf noktas\u0131d\u0131r.<\/p>\n<p><strong>G\u00fcvercinlerin \u00fcretim (yavru) d\u00f6nemlerinde yem kar\u0131\u015f\u0131mlar\u0131 \u015f\u00f6yle olmal\u0131d\u0131r:<a href=\"https:\/\/www.petlican.com\/blog\/wp-content\/uploads\/2016\/02\/guvercin-uretim-do\u0308nemi-bakimi.jpg\" rel=\"attachment wp-att-87\"><br \/>\n<\/a><\/strong><\/p>\n<ul>\n<li>% 30 M\u0131s\u0131r<\/li>\n<li>% 20 Bu\u011fday<\/li>\n<li>% 10 Ak dar\u0131<\/li>\n<li>% 5 \u00c7ekirdek<\/li>\n<li>% 35 Bezelye<\/li>\n<\/ul>\n<p><strong>*<\/strong> G\u00fcvercinler \u015fayet yaz aylar\u0131nda \u00e7iftle\u015fmeleri i\u00e7in bir araya getirileceklerse, yem kar\u0131\u015f\u0131mlar\u0131ndaki bu\u011fday oran\u0131 biraz daha d\u00fc\u015f\u00fcr\u00fclebilir. Tam tersi, \u00e7iftle\u015ftirmeleri k\u0131\u015f aylar\u0131nda yap\u0131lacaksa, bu defa yem kar\u0131\u015f\u0131m\u0131ndaki bu\u011fday oran\u0131 artt\u0131r\u0131lmal\u0131d\u0131r.<\/p>\n<p>G\u00fcvercinler yavrulama d\u00f6nemlerinde, yani genellikle Mart ay\u0131ndan itibaren sabah ve ak\u015fam olarak g\u00fcnde iki \u00f6\u011f\u00fcn ile yemlenmelidir. Yine bu d\u00f6nemde, her iki \u00f6\u011f\u00fcnde de sahip olan g\u00fcvercinler yeterince yemlendikten sonra, yemleri \u00f6nlerinden al\u0131nmal\u0131d\u0131r. G\u00fcvercin yavrular\u0131n\u0131n yumurtadan \u00e7\u0131kmas\u0131yla birlikte, g\u00fcvercinlere verilecek olan yem kar\u0131\u015f\u0131mlar\u0131nda kullan\u0131lan tah\u0131llar\u0131n orta ya da k\u00fc\u00e7\u00fck boy olanlar\u0131 tercih edilmelidir. Zira bu tercih, yavru g\u00fcvercinini besleyecek olan ebeveyn g\u00fcvercinin yavrusunu daha kolay ve rahat beslemesini sa\u011flayacakt\u0131r. Yavru g\u00fcvercinler, yumurtalar\u0131ndan \u00e7\u0131kt\u0131ktan itibaren yakla\u015f\u0131k bir hafta ya da on g\u00fcnl\u00fck bir s\u00fcreli\u011fine ebeveyn g\u00fcvercinin s\u00fct\u00fc ile beslendikten sonra yemlenmeye ba\u015flayacakt\u0131r. Yavru g\u00fcvercin bak\u0131m\u0131 i\u00e7in detayl\u0131 bilgiye <strong><a href=\"https:\/\/www.petlican.com\/blog\/guvercinler\/yavru-guvercin-nasil-beslenir\/\">buradan<\/a><\/strong> ula\u015fabilirsiniz.<\/p>\n","protected":false},"excerpt":{"rendered":"<p>G\u00fcvercinlerin \u00dcretim (Yavru) D\u00f6nemi Bak\u0131m\u0131 G\u00fcvercinlerin yavrulama d\u00f6nemleri, g\u00fcvercin yeti\u015ftiricileri ve g\u00fcvercin sahipleri i\u00e7in tarifi imkans\u0131z bir heyecand\u0131r. Bu heyecan dolu \u00fcretim d\u00f6nemini hem ebeveyn g\u00fcvercinlerin hem de yeni yavru g\u00fcvercinlerin sa\u011fl\u0131kl\u0131 atlatabilmesi i\u00e7in \u00f6zenli ve titiz davranmak gereklidir. Elbette g\u00fcvercinlerin \u00fcretim d\u00f6nemini sa\u011fl\u0131kl\u0131 ge\u00e7irmesi i\u00e7in, onlara yaln\u0131zca bu d\u00f6nemde de\u011fil, genel olarak t\u00fcm bak\u0131mlar\u0131nda&#8230;<\/p>\n","protected":false},"author":49,"featured_media":2759,"comment_status":"open","ping_status":"open","sticky":false,"template":"","format":"standard","meta":[],"categories":[589],"tags":[590,591,592,604,605],"yoast_head":"<!-- This site is optimized with the Yoast SEO plugin v20.4 - https:\/\/yoast.com\/wordpress\/plugins\/seo\/ -->\n<title>G\u00fcvercinlerin \u00dcretim D\u00f6nemi Bak\u0131m\u0131 - Petlican.com<\/title>\n<meta name=\"robots\" content=\"index, follow, max-snippet:-1, max-image-preview:large, max-video-preview:-1\" \/>\n<link rel=\"canonical\" href=\"https:\/\/www.petlican.com\/blog\/guvercinler\/guvercinlerin-uretim-donemi-bakimi\/\" \/>\n<meta property=\"og:locale\" content=\"tr_TR\" \/>\n<meta property=\"og:type\" content=\"article\" \/>\n<meta property=\"og:title\" content=\"G\u00fcvercinlerin \u00dcretim D\u00f6nemi Bak\u0131m\u0131 - Petlican.com\" \/>\n<meta property=\"og:description\" content=\"G\u00fcvercinlerin \u00dcretim (Yavru) D\u00f6nemi Bak\u0131m\u0131 G\u00fcvercinlerin yavrulama d\u00f6nemleri, g\u00fcvercin yeti\u015ftiricileri ve g\u00fcvercin sahipleri i\u00e7in tarifi imkans\u0131z bir heyecand\u0131r. Bu heyecan dolu \u00fcretim d\u00f6nemini hem ebeveyn g\u00fcvercinlerin hem de yeni yavru g\u00fcvercinlerin sa\u011fl\u0131kl\u0131 atlatabilmesi i\u00e7in \u00f6zenli ve titiz davranmak gereklidir. Elbette g\u00fcvercinlerin \u00fcretim d\u00f6nemini sa\u011fl\u0131kl\u0131 ge\u00e7irmesi i\u00e7in, onlara yaln\u0131zca bu d\u00f6nemde de\u011fil, genel olarak t\u00fcm bak\u0131mlar\u0131nda...\" \/>\n<meta property=\"og:url\" content=\"https:\/\/www.petlican.com\/blog\/guvercinler\/guvercinlerin-uretim-donemi-bakimi\/\" \/>\n<meta property=\"og:site_name\" content=\"Petlican.com\" \/>\n<meta property=\"article:publisher\" content=\"https:\/\/www.facebook.com\/petlican\/\" \/>\n<meta property=\"article:published_time\" content=\"2016-02-19T10:36:44+00:00\" \/>\n<meta property=\"article:modified_time\" content=\"2017-12-11T12:01:36+00:00\" \/>\n<meta property=\"og:image\" content=\"https:\/\/www.petlican.com\/blog\/wp-content\/uploads\/2016\/02\/guvercin-uretim-do\u0308nemi-bakimi-1.jpg\" \/>\n\t<meta property=\"og:image:width\" content=\"600\" \/>\n\t<meta property=\"og:image:height\" content=\"810\" \/>\n\t<meta property=\"og:image:type\" content=\"image\/jpeg\" \/>\n<meta name=\"author\" content=\"Kuscu\" \/>\n<meta name=\"twitter:card\" content=\"summary_large_image\" \/>\n<meta name=\"twitter:creator\" content=\"@petlican\" \/>\n<meta name=\"twitter:site\" content=\"@petlican\" \/>\n<meta name=\"twitter:label1\" content=\"Yazan:\" \/>\n\t<meta name=\"twitter:data1\" content=\"Kuscu\" \/>\n\t<meta name=\"twitter:label2\" content=\"Tahmini okuma s\u00fcresi\" \/>\n\t<meta name=\"twitter:data2\" content=\"3 dakika\" \/>\n<script type=\"application\/ld+json\" class=\"yoast-schema-graph\">{\"@context\":\"https:\/\/schema.org\",\"@graph\":[{\"@type\":\"WebPage\",\"@id\":\"https:\/\/www.petlican.com\/blog\/guvercinler\/guvercinlerin-uretim-donemi-bakimi\/\",\"url\":\"https:\/\/www.petlican.com\/blog\/guvercinler\/guvercinlerin-uretim-donemi-bakimi\/\",\"name\":\"G\u00fcvercinlerin \u00dcretim D\u00f6nemi Bak\u0131m\u0131 - Petlican.com\",\"isPartOf\":{\"@id\":\"https:\/\/www.petlican.com\/blog\/#website\"},\"datePublished\":\"2016-02-19T10:36:44+00:00\",\"dateModified\":\"2017-12-11T12:01:36+00:00\",\"author\":{\"@id\":\"https:\/\/www.petlican.com\/blog\/#\/schema\/person\/c19bc899c615679af777083f5436c701\"},\"breadcrumb\":{\"@id\":\"https:\/\/www.petlican.com\/blog\/guvercinler\/guvercinlerin-uretim-donemi-bakimi\/#breadcrumb\"},\"inLanguage\":\"tr\",\"potentialAction\":[{\"@type\":\"ReadAction\",\"target\":[\"https:\/\/www.petlican.com\/blog\/guvercinler\/guvercinlerin-uretim-donemi-bakimi\/\"]}]},{\"@type\":\"BreadcrumbList\",\"@id\":\"https:\/\/www.petlican.com\/blog\/guvercinler\/guvercinlerin-uretim-donemi-bakimi\/#breadcrumb\",\"itemListElement\":[{\"@type\":\"ListItem\",\"position\":1,\"name\":\"Ana sayfa\",\"item\":\"https:\/\/www.petlican.com\/blog\/\"},{\"@type\":\"ListItem\",\"position\":2,\"name\":\"G\u00fcvercinlerin \u00dcretim D\u00f6nemi Bak\u0131m\u0131\"}]},{\"@type\":\"WebSite\",\"@id\":\"https:\/\/www.petlican.com\/blog\/#website\",\"url\":\"https:\/\/www.petlican.com\/blog\/\",\"name\":\"Petlican.com\",\"description\":\"\",\"potentialAction\":[{\"@type\":\"SearchAction\",\"target\":{\"@type\":\"EntryPoint\",\"urlTemplate\":\"https:\/\/www.petlican.com\/blog\/?s={search_term_string}\"},\"query-input\":\"required name=search_term_string\"}],\"inLanguage\":\"tr\"},{\"@type\":\"Person\",\"@id\":\"https:\/\/www.petlican.com\/blog\/#\/schema\/person\/c19bc899c615679af777083f5436c701\",\"name\":\"Kuscu\",\"image\":{\"@type\":\"ImageObject\",\"inLanguage\":\"tr\",\"@id\":\"https:\/\/www.petlican.com\/blog\/#\/schema\/person\/image\/\",\"url\":\"https:\/\/www.petlican.com\/blog\/wp-content\/uploads\/avatars\/49\/5a2d006a43e9d-bpfull.jpg\",\"contentUrl\":\"https:\/\/www.petlican.com\/blog\/wp-content\/uploads\/avatars\/49\/5a2d006a43e9d-bpfull.jpg\",\"caption\":\"Kuscu\"}}]}<\/script>\n<!-- \/ Yoast SEO plugin. -->","yoast_head_json":{"title":"G\u00fcvercinlerin \u00dcretim D\u00f6nemi Bak\u0131m\u0131 - Petlican.com","robots":{"index":"index","follow":"follow","max-snippet":"max-snippet:-1","max-image-preview":"max-image-preview:large","max-video-preview":"max-video-preview:-1"},"canonical":"https:\/\/www.petlican.com\/blog\/guvercinler\/guvercinlerin-uretim-donemi-bakimi\/","og_locale":"tr_TR","og_type":"article","og_title":"G\u00fcvercinlerin \u00dcretim D\u00f6nemi Bak\u0131m\u0131 - Petlican.com","og_description":"G\u00fcvercinlerin \u00dcretim (Yavru) D\u00f6nemi Bak\u0131m\u0131 G\u00fcvercinlerin yavrulama d\u00f6nemleri, g\u00fcvercin yeti\u015ftiricileri ve g\u00fcvercin sahipleri i\u00e7in tarifi imkans\u0131z bir heyecand\u0131r. Bu heyecan dolu \u00fcretim d\u00f6nemini hem ebeveyn g\u00fcvercinlerin hem de yeni yavru g\u00fcvercinlerin sa\u011fl\u0131kl\u0131 atlatabilmesi i\u00e7in \u00f6zenli ve titiz davranmak gereklidir. Elbette g\u00fcvercinlerin \u00fcretim d\u00f6nemini sa\u011fl\u0131kl\u0131 ge\u00e7irmesi i\u00e7in, onlara yaln\u0131zca bu d\u00f6nemde de\u011fil, genel olarak t\u00fcm bak\u0131mlar\u0131nda...","og_url":"https:\/\/www.petlican.com\/blog\/guvercinler\/guvercinlerin-uretim-donemi-bakimi\/","og_site_name":"Petlican.com","article_publisher":"https:\/\/www.facebook.com\/petlican\/","article_published_time":"2016-02-19T10:36:44+00:00","article_modified_time":"2017-12-11T12:01:36+00:00","og_image":[{"width":600,"height":810,"url":"https:\/\/www.petlican.com\/blog\/wp-content\/uploads\/2016\/02\/guvercin-uretim-do\u0308nemi-bakimi-1.jpg","type":"image\/jpeg"}],"author":"Kuscu","twitter_card":"summary_large_image","twitter_creator":"@petlican","twitter_site":"@petlican","twitter_misc":{"Yazan:":"Kuscu","Tahmini okuma s\u00fcresi":"3 dakika"},"schema":{"@context":"https:\/\/schema.org","@graph":[{"@type":"WebPage","@id":"https:\/\/www.petlican.com\/blog\/guvercinler\/guvercinlerin-uretim-donemi-bakimi\/","url":"https:\/\/www.petlican.com\/blog\/guvercinler\/guvercinlerin-uretim-donemi-bakimi\/","name":"G\u00fcvercinlerin \u00dcretim D\u00f6nemi Bak\u0131m\u0131 - Petlican.com","isPartOf":{"@id":"https:\/\/www.petlican.com\/blog\/#website"},"datePublished":"2016-02-19T10:36:44+00:00","dateModified":"2017-12-11T12:01:36+00:00","author":{"@id":"https:\/\/www.petlican.com\/blog\/#\/schema\/person\/c19bc899c615679af777083f5436c701"},"breadcrumb":{"@id":"https:\/\/www.petlican.com\/blog\/guvercinler\/guvercinlerin-uretim-donemi-bakimi\/#breadcrumb"},"inLanguage":"tr","potentialAction":[{"@type":"ReadAction","target":["https:\/\/www.petlican.com\/blog\/guvercinler\/guvercinlerin-uretim-donemi-bakimi\/"]}]},{"@type":"BreadcrumbList","@id":"https:\/\/www.petlican.com\/blog\/guvercinler\/guvercinlerin-uretim-donemi-bakimi\/#breadcrumb","itemListElement":[{"@type":"ListItem","position":1,"name":"Ana sayfa","item":"https:\/\/www.petlican.com\/blog\/"},{"@type":"ListItem","position":2,"name":"G\u00fcvercinlerin \u00dcretim D\u00f6nemi Bak\u0131m\u0131"}]},{"@type":"WebSite","@id":"https:\/\/www.petlican.com\/blog\/#website","url":"https:\/\/www.petlican.com\/blog\/","name":"Petlican.com","description":"","potentialAction":[{"@type":"SearchAction","target":{"@type":"EntryPoint","urlTemplate":"https:\/\/www.petlican.com\/blog\/?s={search_term_string}"},"query-input":"required name=search_term_string"}],"inLanguage":"tr"},{"@type":"Person","@id":"https:\/\/www.petlican.com\/blog\/#\/schema\/person\/c19bc899c615679af777083f5436c701","name":"Kuscu","image":{"@type":"ImageObject","inLanguage":"tr","@id":"https:\/\/www.petlican.com\/blog\/#\/schema\/person\/image\/","url":"https:\/\/www.petlican.com\/blog\/wp-content\/uploads\/avatars\/49\/5a2d006a43e9d-bpfull.jpg","contentUrl":"https:\/\/www.petlican.com\/blog\/wp-content\/uploads\/avatars\/49\/5a2d006a43e9d-bpfull.jpg","caption":"Kuscu"}}]}},"_links":{"self":[{"href":"https:\/\/www.petlican.com\/blog\/wp-json\/wp\/v2\/posts\/84"}],"collection":[{"href":"https:\/\/www.petlican.com\/blog\/wp-json\/wp\/v2\/posts"}],"about":[{"href":"https:\/\/www.petlican.com\/blog\/wp-json\/wp\/v2\/types\/post"}],"author":[{"embeddable":true,"href":"https:\/\/www.petlican.com\/blog\/wp-json\/wp\/v2\/users\/49"}],"replies":[{"embeddable":true,"href":"https:\/\/www.petlican.com\/blog\/wp-json\/wp\/v2\/comments?post=84"}],"version-history":[{"count":0,"href":"https:\/\/www.petlican.com\/blog\/wp-json\/wp\/v2\/posts\/84\/revisions"}],"wp:featuredmedia":[{"embeddable":true,"href":"https:\/\/www.petlican.com\/blog\/wp-json\/wp\/v2\/media\/2759"}],"wp:attachment":[{"href":"https:\/\/www.petlican.com\/blog\/wp-json\/wp\/v2\/media?parent=84"}],"wp:term":[{"taxonomy":"category","embeddable":true,"href":"https:\/\/www.petlican.com\/blog\/wp-json\/wp\/v2\/categories?post=84"},{"taxonomy":"post_tag","embeddable":true,"href":"https:\/\/www.petlican.com\/blog\/wp-json\/wp\/v2\/tags?post=84"}],"curies":[{"name":"wp","href":"https:\/\/api.w.org\/{rel}","templated":true}]}}