{"id":3043,"date":"2018-01-23T10:38:48","date_gmt":"2018-01-23T07:38:48","guid":{"rendered":"https:\/\/www.petlican.com\/blog\/?p=3043"},"modified":"2018-01-23T10:41:41","modified_gmt":"2018-01-23T07:41:41","slug":"baygin-kopegi-surukleyerek-otoyola-firlatti","status":"publish","type":"post","link":"https:\/\/www.petlican.com\/blog\/gundem\/baygin-kopegi-surukleyerek-otoyola-firlatti\/","title":{"rendered":"Bayg\u0131n K\u00f6pe\u011fi S\u00fcr\u00fckleyerek Otoyola F\u0131rlatt\u0131!"},"content":{"rendered":"<p>Giresun\u2019da bir ki\u015fi arka baca\u011f\u0131ndan tutarak bir s\u00fcre s\u00fcr\u00fckledi\u011fi bayg\u0131n haldeki k\u00f6pe\u011fi kent Karadeniz Sahil Yolu ortas\u0131na att\u0131. Cep telefonu kameras\u0131yla kaydedilerek g\u00f6r\u00fcnt\u00fcleri sosyal medyadan payla\u015f\u0131lan olay b\u00fcy\u00fck tepki toplad\u0131. Polis ekipleri ise k\u00f6pe\u011fi yola atan ki\u015fiyi tespit edip yakalamak i\u00e7in \u00e7al\u0131\u015fma ba\u015flatt\u0131.<\/p>\n<p>Kenteki Atat\u00fcrk Meydan\u0131&#8217;nda bulunan Karadeniz Sahil Yolu\u2019nda 2 arkada\u015f \u00e7\u0131kt\u0131klar\u0131 \u00fcst ge\u00e7it \u00fczerinden cep telefonu kameras\u0131yla \u00e7evreyi g\u00f6r\u00fcnt\u00fclemek istedi. Bu s\u0131rada \u00fcst ge\u00e7idin alt\u0131nda bulunan bir ki\u015fi arka baca\u011f\u0131ndan tutarak bir s\u00fcre s\u00fcr\u00fckledi\u011fi bayg\u0131n haldeki k\u00f6pe\u011fi Karadeniz Sahil Yolu\u2019nun ortas\u0131na att\u0131. O anlar\u0131 cep telefonu kameras\u0131 ile kaydeden iki arkada\u015f g\u00f6rd\u00fckleri kar\u015f\u0131s\u0131nda \u015fa\u015f\u0131rd\u0131.<\/p>\n<div class=\"boombox-responsive-embed \"><iframe width=\"1160\" height=\"653\" src=\"https:\/\/www.youtube.com\/embed\/fQmBwzs18Lw?feature=oembed\" frameborder=\"0\" allow=\"autoplay; encrypted-media\" allowfullscreen><\/iframe><\/div>\n<p>Yolun ortas\u0131na at\u0131lan k\u00f6pek k\u0131sa s\u00fcre sonra trafikte seyreden kamyon taraf\u0131ndan ezilmekten kurtulamad\u0131. \u0130zleyenleri \u015foke eden g\u00f6r\u00fcnt\u00fclerin sosyal medyada da payla\u015f\u0131lmas\u0131 ard\u0131ndan binlerce takip\u00e7i ve hayvan sever hayvana yap\u0131lan \u015fiddete tepki g\u00f6sterdi. G\u00f6r\u00fcnt\u00fcde yer alan ki\u015finin yakalanmas\u0131 i\u00e7in polis ekiplerince \u00e7al\u0131\u015fma ba\u015flat\u0131ld\u0131.<\/p>\n<h3>TUTUKLANDI<\/h3>\n<p>Giresun&#8217;da bayg\u0131n haldeki k\u00f6pe\u011fi s\u00fcr\u00fckleyerek Karadeniz Sahil Yolu\u2019na atan Beytullah Uzuno\u011flu, sevk edildi\u011fi adliyede izletilen g\u00f6r\u00fcnt\u00fclerdeki ki\u015finin kendisi oldu\u011funu kabul etti. Uzuno\u011flu, savc\u0131l\u0131k ifadesinde, k\u00f6pe\u011fin kendisini takip etti\u011fini, bu esnada yoldan ge\u00e7en bir araban\u0131n \u00e7arpt\u0131\u011f\u0131n\u0131 ve k\u00f6pe\u011fi al\u0131p kenara koydu\u011funu \u00f6ne s\u00fcrd\u00fc.<br \/>\nUzuno\u011flu, &#8216;Mala zarar verme ve 5199 Say\u0131l\u0131 Hayvanlar\u0131 Koruma Kanunu\u2019na muhalefetten&#8217; sevk edildi\u011fi n\u00f6bet\u00e7i mahkeme taraf\u0131ndan tutukland\u0131.<\/p>\n<p><img decoding=\"async\" class=\"alignnone size-full wp-image-3047\" src=\"https:\/\/www.petlican.com\/blog\/wp-content\/uploads\/2018\/01\/kopegi-otoyola-firlatan-tutuklandi.jpg\" alt=\"\" width=\"590\" height=\"332\" srcset=\"https:\/\/www.petlican.com\/blog\/wp-content\/uploads\/2018\/01\/kopegi-otoyola-firlatan-tutuklandi.jpg 590w, https:\/\/www.petlican.com\/blog\/wp-content\/uploads\/2018\/01\/kopegi-otoyola-firlatan-tutuklandi-300x169.jpg 300w, https:\/\/www.petlican.com\/blog\/wp-content\/uploads\/2018\/01\/kopegi-otoyola-firlatan-tutuklandi-545x307.jpg 545w\" sizes=\"(max-width: 590px) 100vw, 590px\" \/><br \/>\nBu arada k\u00f6pe\u011fin sahibi Ahmet Sar\u0131ayd\u0131n da polise ba\u015fvurarak \u015fikayet\u00e7i oldu.<\/p>\n","protected":false},"excerpt":{"rendered":"<p>Giresun\u2019da bir ki\u015fi arka baca\u011f\u0131ndan tutarak bir s\u00fcre s\u00fcr\u00fckledi\u011fi bayg\u0131n haldeki k\u00f6pe\u011fi kent Karadeniz Sahil Yolu ortas\u0131na att\u0131.<br \/>\nKaynak Yeni\u00e7a\u011f: K\u00f6pe\u011fi otoyola f\u0131rlatt\u0131, sosyal medya ayakland\u0131 .<\/p>\n","protected":false},"author":1,"featured_media":3048,"comment_status":"open","ping_status":"closed","sticky":false,"template":"","format":"standard","meta":[],"categories":[309,307],"tags":[704,705],"yoast_head":"<!-- This site is optimized with the Yoast SEO plugin v20.4 - https:\/\/yoast.com\/wordpress\/plugins\/seo\/ -->\n<title>Bayg\u0131n K\u00f6pe\u011fi S\u00fcr\u00fckleyerek Otoyola F\u0131rlatt\u0131! - Petlican.com<\/title>\n<meta name=\"robots\" content=\"index, follow, max-snippet:-1, max-image-preview:large, max-video-preview:-1\" \/>\n<link rel=\"canonical\" href=\"https:\/\/www.petlican.com\/blog\/gundem\/baygin-kopegi-surukleyerek-otoyola-firlatti\/\" \/>\n<meta property=\"og:locale\" content=\"tr_TR\" \/>\n<meta property=\"og:type\" content=\"article\" \/>\n<meta property=\"og:title\" content=\"Bayg\u0131n K\u00f6pe\u011fi S\u00fcr\u00fckleyerek Otoyola F\u0131rlatt\u0131! - Petlican.com\" \/>\n<meta property=\"og:description\" content=\"Giresun\u2019da bir ki\u015fi arka baca\u011f\u0131ndan tutarak bir s\u00fcre s\u00fcr\u00fckledi\u011fi bayg\u0131n haldeki k\u00f6pe\u011fi kent Karadeniz Sahil Yolu ortas\u0131na att\u0131.  Kaynak Yeni\u00e7a\u011f: K\u00f6pe\u011fi otoyola f\u0131rlatt\u0131, sosyal medya ayakland\u0131 .\" \/>\n<meta property=\"og:url\" content=\"https:\/\/www.petlican.com\/blog\/gundem\/baygin-kopegi-surukleyerek-otoyola-firlatti\/\" \/>\n<meta property=\"og:site_name\" content=\"Petlican.com\" \/>\n<meta property=\"article:publisher\" content=\"https:\/\/www.facebook.com\/petlican\/\" \/>\n<meta property=\"article:published_time\" content=\"2018-01-23T07:38:48+00:00\" \/>\n<meta property=\"article:modified_time\" content=\"2018-01-23T07:41:41+00:00\" \/>\n<meta property=\"og:image\" content=\"https:\/\/www.petlican.com\/blog\/wp-content\/uploads\/2018\/01\/kopegi-surukleyerek-otoyola-firlatti.jpg\" \/>\n\t<meta property=\"og:image:width\" content=\"645\" \/>\n\t<meta property=\"og:image:height\" content=\"380\" \/>\n\t<meta property=\"og:image:type\" content=\"image\/jpeg\" \/>\n<meta name=\"author\" content=\"\u0130\u00e7erik Ekibi\" \/>\n<meta name=\"twitter:card\" content=\"summary_large_image\" \/>\n<meta name=\"twitter:creator\" content=\"@petlican\" \/>\n<meta name=\"twitter:site\" content=\"@petlican\" \/>\n<meta name=\"twitter:label1\" content=\"Yazan:\" \/>\n\t<meta name=\"twitter:data1\" content=\"\u0130\u00e7erik Ekibi\" \/>\n\t<meta name=\"twitter:label2\" content=\"Tahmini okuma s\u00fcresi\" \/>\n\t<meta name=\"twitter:data2\" content=\"2 dakika\" \/>\n<script type=\"application\/ld+json\" class=\"yoast-schema-graph\">{\"@context\":\"https:\/\/schema.org\",\"@graph\":[{\"@type\":\"WebPage\",\"@id\":\"https:\/\/www.petlican.com\/blog\/gundem\/baygin-kopegi-surukleyerek-otoyola-firlatti\/\",\"url\":\"https:\/\/www.petlican.com\/blog\/gundem\/baygin-kopegi-surukleyerek-otoyola-firlatti\/\",\"name\":\"Bayg\u0131n K\u00f6pe\u011fi S\u00fcr\u00fckleyerek Otoyola F\u0131rlatt\u0131! - Petlican.com\",\"isPartOf\":{\"@id\":\"https:\/\/www.petlican.com\/blog\/#website\"},\"datePublished\":\"2018-01-23T07:38:48+00:00\",\"dateModified\":\"2018-01-23T07:41:41+00:00\",\"author\":{\"@id\":\"https:\/\/www.petlican.com\/blog\/#\/schema\/person\/bb554801d1236f339af9f6906b9c339a\"},\"breadcrumb\":{\"@id\":\"https:\/\/www.petlican.com\/blog\/gundem\/baygin-kopegi-surukleyerek-otoyola-firlatti\/#breadcrumb\"},\"inLanguage\":\"tr\",\"potentialAction\":[{\"@type\":\"ReadAction\",\"target\":[\"https:\/\/www.petlican.com\/blog\/gundem\/baygin-kopegi-surukleyerek-otoyola-firlatti\/\"]}]},{\"@type\":\"BreadcrumbList\",\"@id\":\"https:\/\/www.petlican.com\/blog\/gundem\/baygin-kopegi-surukleyerek-otoyola-firlatti\/#breadcrumb\",\"itemListElement\":[{\"@type\":\"ListItem\",\"position\":1,\"name\":\"Ana sayfa\",\"item\":\"https:\/\/www.petlican.com\/blog\/\"},{\"@type\":\"ListItem\",\"position\":2,\"name\":\"Bayg\u0131n K\u00f6pe\u011fi S\u00fcr\u00fckleyerek Otoyola F\u0131rlatt\u0131!\"}]},{\"@type\":\"WebSite\",\"@id\":\"https:\/\/www.petlican.com\/blog\/#website\",\"url\":\"https:\/\/www.petlican.com\/blog\/\",\"name\":\"Petlican.com\",\"description\":\"\",\"potentialAction\":[{\"@type\":\"SearchAction\",\"target\":{\"@type\":\"EntryPoint\",\"urlTemplate\":\"https:\/\/www.petlican.com\/blog\/?s={search_term_string}\"},\"query-input\":\"required name=search_term_string\"}],\"inLanguage\":\"tr\"},{\"@type\":\"Person\",\"@id\":\"https:\/\/www.petlican.com\/blog\/#\/schema\/person\/bb554801d1236f339af9f6906b9c339a\",\"name\":\"\u0130\u00e7erik Ekibi\",\"image\":{\"@type\":\"ImageObject\",\"inLanguage\":\"tr\",\"@id\":\"https:\/\/www.petlican.com\/blog\/#\/schema\/person\/image\/\",\"url\":\"https:\/\/www.petlican.com\/blog\/wp-content\/uploads\/avatars\/1\/59b69f55883e5-bpfull.jpg\",\"contentUrl\":\"https:\/\/www.petlican.com\/blog\/wp-content\/uploads\/avatars\/1\/59b69f55883e5-bpfull.jpg\",\"caption\":\"\u0130\u00e7erik Ekibi\"}}]}<\/script>\n<!-- \/ Yoast SEO plugin. -->","yoast_head_json":{"title":"Bayg\u0131n K\u00f6pe\u011fi S\u00fcr\u00fckleyerek Otoyola F\u0131rlatt\u0131! - Petlican.com","robots":{"index":"index","follow":"follow","max-snippet":"max-snippet:-1","max-image-preview":"max-image-preview:large","max-video-preview":"max-video-preview:-1"},"canonical":"https:\/\/www.petlican.com\/blog\/gundem\/baygin-kopegi-surukleyerek-otoyola-firlatti\/","og_locale":"tr_TR","og_type":"article","og_title":"Bayg\u0131n K\u00f6pe\u011fi S\u00fcr\u00fckleyerek Otoyola F\u0131rlatt\u0131! - Petlican.com","og_description":"Giresun\u2019da bir ki\u015fi arka baca\u011f\u0131ndan tutarak bir s\u00fcre s\u00fcr\u00fckledi\u011fi bayg\u0131n haldeki k\u00f6pe\u011fi kent Karadeniz Sahil Yolu ortas\u0131na att\u0131.  Kaynak Yeni\u00e7a\u011f: K\u00f6pe\u011fi otoyola f\u0131rlatt\u0131, sosyal medya ayakland\u0131 .","og_url":"https:\/\/www.petlican.com\/blog\/gundem\/baygin-kopegi-surukleyerek-otoyola-firlatti\/","og_site_name":"Petlican.com","article_publisher":"https:\/\/www.facebook.com\/petlican\/","article_published_time":"2018-01-23T07:38:48+00:00","article_modified_time":"2018-01-23T07:41:41+00:00","og_image":[{"width":645,"height":380,"url":"https:\/\/www.petlican.com\/blog\/wp-content\/uploads\/2018\/01\/kopegi-surukleyerek-otoyola-firlatti.jpg","type":"image\/jpeg"}],"author":"\u0130\u00e7erik Ekibi","twitter_card":"summary_large_image","twitter_creator":"@petlican","twitter_site":"@petlican","twitter_misc":{"Yazan:":"\u0130\u00e7erik Ekibi","Tahmini okuma s\u00fcresi":"2 dakika"},"schema":{"@context":"https:\/\/schema.org","@graph":[{"@type":"WebPage","@id":"https:\/\/www.petlican.com\/blog\/gundem\/baygin-kopegi-surukleyerek-otoyola-firlatti\/","url":"https:\/\/www.petlican.com\/blog\/gundem\/baygin-kopegi-surukleyerek-otoyola-firlatti\/","name":"Bayg\u0131n K\u00f6pe\u011fi S\u00fcr\u00fckleyerek Otoyola F\u0131rlatt\u0131! - Petlican.com","isPartOf":{"@id":"https:\/\/www.petlican.com\/blog\/#website"},"datePublished":"2018-01-23T07:38:48+00:00","dateModified":"2018-01-23T07:41:41+00:00","author":{"@id":"https:\/\/www.petlican.com\/blog\/#\/schema\/person\/bb554801d1236f339af9f6906b9c339a"},"breadcrumb":{"@id":"https:\/\/www.petlican.com\/blog\/gundem\/baygin-kopegi-surukleyerek-otoyola-firlatti\/#breadcrumb"},"inLanguage":"tr","potentialAction":[{"@type":"ReadAction","target":["https:\/\/www.petlican.com\/blog\/gundem\/baygin-kopegi-surukleyerek-otoyola-firlatti\/"]}]},{"@type":"BreadcrumbList","@id":"https:\/\/www.petlican.com\/blog\/gundem\/baygin-kopegi-surukleyerek-otoyola-firlatti\/#breadcrumb","itemListElement":[{"@type":"ListItem","position":1,"name":"Ana sayfa","item":"https:\/\/www.petlican.com\/blog\/"},{"@type":"ListItem","position":2,"name":"Bayg\u0131n K\u00f6pe\u011fi S\u00fcr\u00fckleyerek Otoyola F\u0131rlatt\u0131!"}]},{"@type":"WebSite","@id":"https:\/\/www.petlican.com\/blog\/#website","url":"https:\/\/www.petlican.com\/blog\/","name":"Petlican.com","description":"","potentialAction":[{"@type":"SearchAction","target":{"@type":"EntryPoint","urlTemplate":"https:\/\/www.petlican.com\/blog\/?s={search_term_string}"},"query-input":"required name=search_term_string"}],"inLanguage":"tr"},{"@type":"Person","@id":"https:\/\/www.petlican.com\/blog\/#\/schema\/person\/bb554801d1236f339af9f6906b9c339a","name":"\u0130\u00e7erik Ekibi","image":{"@type":"ImageObject","inLanguage":"tr","@id":"https:\/\/www.petlican.com\/blog\/#\/schema\/person\/image\/","url":"https:\/\/www.petlican.com\/blog\/wp-content\/uploads\/avatars\/1\/59b69f55883e5-bpfull.jpg","contentUrl":"https:\/\/www.petlican.com\/blog\/wp-content\/uploads\/avatars\/1\/59b69f55883e5-bpfull.jpg","caption":"\u0130\u00e7erik Ekibi"}}]}},"_links":{"self":[{"href":"https:\/\/www.petlican.com\/blog\/wp-json\/wp\/v2\/posts\/3043"}],"collection":[{"href":"https:\/\/www.petlican.com\/blog\/wp-json\/wp\/v2\/posts"}],"about":[{"href":"https:\/\/www.petlican.com\/blog\/wp-json\/wp\/v2\/types\/post"}],"author":[{"embeddable":true,"href":"https:\/\/www.petlican.com\/blog\/wp-json\/wp\/v2\/users\/1"}],"replies":[{"embeddable":true,"href":"https:\/\/www.petlican.com\/blog\/wp-json\/wp\/v2\/comments?post=3043"}],"version-history":[{"count":0,"href":"https:\/\/www.petlican.com\/blog\/wp-json\/wp\/v2\/posts\/3043\/revisions"}],"wp:featuredmedia":[{"embeddable":true,"href":"https:\/\/www.petlican.com\/blog\/wp-json\/wp\/v2\/media\/3048"}],"wp:attachment":[{"href":"https:\/\/www.petlican.com\/blog\/wp-json\/wp\/v2\/media?parent=3043"}],"wp:term":[{"taxonomy":"category","embeddable":true,"href":"https:\/\/www.petlican.com\/blog\/wp-json\/wp\/v2\/categories?post=3043"},{"taxonomy":"post_tag","embeddable":true,"href":"https:\/\/www.petlican.com\/blog\/wp-json\/wp\/v2\/tags?post=3043"}],"curies":[{"name":"wp","href":"https:\/\/api.w.org\/{rel}","templated":true}]}}