{"id":3028,"date":"2018-01-15T16:10:29","date_gmt":"2018-01-15T13:10:29","guid":{"rendered":"https:\/\/www.petlican.com\/blog\/?p=3028"},"modified":"2018-01-14T16:17:45","modified_gmt":"2018-01-14T13:17:45","slug":"appenzell-dag-kopegi","status":"publish","type":"post","link":"https:\/\/www.petlican.com\/blog\/kopek-cinsleri\/appenzell-dag-kopegi\/","title":{"rendered":"Appenzell Da\u011f K\u00f6pe\u011fi"},"content":{"rendered":"<p><img decoding=\"async\" class=\"alignnone size-full wp-image-3029\" src=\"https:\/\/www.petlican.com\/blog\/wp-content\/uploads\/2018\/01\/appenzell-dag-kopegi.jpg\" alt=\"\" width=\"800\" height=\"534\" srcset=\"https:\/\/www.petlican.com\/blog\/wp-content\/uploads\/2018\/01\/appenzell-dag-kopegi.jpg 800w, https:\/\/www.petlican.com\/blog\/wp-content\/uploads\/2018\/01\/appenzell-dag-kopegi-600x401.jpg 600w, https:\/\/www.petlican.com\/blog\/wp-content\/uploads\/2018\/01\/appenzell-dag-kopegi-300x200.jpg 300w, https:\/\/www.petlican.com\/blog\/wp-content\/uploads\/2018\/01\/appenzell-dag-kopegi-768x513.jpg 768w, https:\/\/www.petlican.com\/blog\/wp-content\/uploads\/2018\/01\/appenzell-dag-kopegi-545x364.jpg 545w\" sizes=\"(max-width: 800px) 100vw, 800px\" \/><\/p>\n<h2><strong>Appenzell Da\u011f K\u00f6pe\u011fi <\/strong>Hakk\u0131nda<\/h2>\n<p>Appenzell Da\u011f K\u00f6pe\u011fi, ad\u0131n\u0131 \u0130svi\u00e7re\u2019nin Appenzell kanyonundan alm\u0131\u015ft\u0131r. G\u00fc\u00e7l\u00fc bir yap\u0131s\u0131 vard\u0131r. \u0130ri bir k\u00f6pek oldu\u011fu s\u00f6ylenemez ama arazi \u015fartlar\u0131na fevkalade uyum sa\u011flayabilir ve a\u00e7l\u0131\u011fa dayanabilir. Nam\u0131n\u0131 bilinen en eski k\u00f6pek t\u00fcrlerinden olmas\u0131 ile kazanm\u0131\u015ft\u0131r. \u00c7oban k\u00f6pe\u011fi ve \u00e7al\u0131\u015fma k\u00f6pe\u011fi olarak \u0130svi\u00e7re yerlileri taraf\u0131ndan evcille\u015ftirilmi\u015flerdir. Bacaklar\u0131 d\u00fcz ve g\u00fc\u00e7l\u00fc bir yap\u0131ya sahiptir. 12 \u2013 14 y\u0131l kadar bir ortalama \u00f6m\u00fcr s\u00fcresine sahip olan bu k\u00f6pek cinsi 3 katmandan olu\u015fan renklere sahiptir. Olduk\u00e7a zekidir. Arama kurtarma \u00e7al\u0131\u015fmalar\u0131nda kullan\u0131l\u0131rlar. Karakteristik kulaklara sahiptir. Boy ortalamas\u0131 50 \u2013 55 cm civar\u0131nda ve ortalama a\u011f\u0131rl\u0131klar\u0131 da 20 \u2013 24 kg civar\u0131ndad\u0131r.\u00a0 Siyah, kahve ve beyaz renklerden olu\u015fan 3 farkl\u0131 renge sahiptir. Apartman hayat\u0131na uyum sa\u011flayamaz \u00e7\u00fcnk\u00fc kendisi bir arazi k\u00f6pe\u011fidir ve i\u00e7i i\u00e7ine s\u0131\u011fmayan bir karaktere sahiptir.<\/p>\n<hr \/>\n<h2>Karakteri ve \u00d6zellikleri<\/h2>\n<ul>\n<li>Canl\u0131 ve enerjiktir<\/li>\n<li>Olduk\u00e7a dayan\u0131kl\u0131d\u0131r<\/li>\n<li>Fazlas\u0131yla zekidir ve insanlar ile uyumu ve anla\u015fmas\u0131 olduk\u00e7a y\u00fcksektir<\/li>\n<li>Herhangi bir genetik hastal\u0131\u011fa sahip de\u011fildir<\/li>\n<li>A\u00e7\u0131k havay\u0131 ve bolca hareket etmeyi sever<\/li>\n<li>Olduk\u00e7a fazla koruma i\u00e7g\u00fcd\u00fcs\u00fcne sahiptir<\/li>\n<li>Kendinden emin<\/li>\n<li>Cesur<\/li>\n<li>Sorumluluk sahibi<\/li>\n<li>\u015e\u00fcpheci bir yap\u0131ya sahip<\/li>\n<li>Hayat dolu bir karakteri vard\u0131r<\/li>\n<li>Sevecen ve sosyalli\u011fe yatk\u0131n<\/li>\n<li>So\u011fuk havaya kar\u015f\u0131 dayan\u0131kl\u0131<\/li>\n<li>Hem \u00e7ok iyi avlan\u0131r hem de \u00e7ok iyi \u00e7oban k\u00f6pekleridirler<\/li>\n<li>\u00c7ocuklar ile de aralar\u0131 iyidir.<\/li>\n<\/ul>\n","protected":false},"excerpt":{"rendered":"<p>Appenzell Da\u011f K\u00f6pe\u011fi Hakk\u0131nda Appenzell Da\u011f K\u00f6pe\u011fi, ad\u0131n\u0131 \u0130svi\u00e7re\u2019nin Appenzell kanyonundan alm\u0131\u015ft\u0131r. G\u00fc\u00e7l\u00fc bir yap\u0131s\u0131 vard\u0131r. \u0130ri bir k\u00f6pek oldu\u011fu s\u00f6ylenemez ama arazi \u015fartlar\u0131na fevkalade uyum sa\u011flayabilir ve a\u00e7l\u0131\u011fa dayanabilir. Nam\u0131n\u0131 bilinen en eski k\u00f6pek t\u00fcrlerinden olmas\u0131 ile kazanm\u0131\u015ft\u0131r. \u00c7oban k\u00f6pe\u011fi ve \u00e7al\u0131\u015fma k\u00f6pe\u011fi olarak \u0130svi\u00e7re yerlileri taraf\u0131ndan evcille\u015ftirilmi\u015flerdir. Bacaklar\u0131 d\u00fcz ve g\u00fc\u00e7l\u00fc bir yap\u0131ya&#8230;<\/p>\n","protected":false},"author":8,"featured_media":3029,"comment_status":"open","ping_status":"closed","sticky":false,"template":"","format":"standard","meta":[],"categories":[306],"tags":[697,698,699,696],"yoast_head":"<!-- This site is optimized with the Yoast SEO plugin v20.4 - https:\/\/yoast.com\/wordpress\/plugins\/seo\/ -->\n<title>Appenzell Da\u011f K\u00f6pe\u011fi Cinsi K\u00f6pek Bak\u0131m\u0131 ve \u00d6zellikleri - Petlican.com<\/title>\n<meta name=\"description\" content=\"Appenzell Da\u011f K\u00f6pe\u011fi ve di\u011fer evcil hayvan \u0131rklar\u0131, cinsleri, \u00f6zellikleri, karakteri, sa\u011fl\u0131\u011f\u0131, bak\u0131m\u0131, beslenmesi, e\u011fitimi gibi t\u00fcm bilgiler.\" \/>\n<meta name=\"robots\" content=\"index, follow, max-snippet:-1, max-image-preview:large, max-video-preview:-1\" \/>\n<link rel=\"canonical\" href=\"https:\/\/www.petlican.com\/blog\/kopek-cinsleri\/appenzell-dag-kopegi\/\" \/>\n<meta property=\"og:locale\" content=\"tr_TR\" \/>\n<meta property=\"og:type\" content=\"article\" \/>\n<meta property=\"og:title\" content=\"Appenzell Da\u011f K\u00f6pe\u011fi Cinsi K\u00f6pek Bak\u0131m\u0131 ve \u00d6zellikleri - Petlican.com\" \/>\n<meta property=\"og:description\" content=\"Appenzell Da\u011f K\u00f6pe\u011fi ve di\u011fer evcil hayvan \u0131rklar\u0131, cinsleri, \u00f6zellikleri, karakteri, sa\u011fl\u0131\u011f\u0131, bak\u0131m\u0131, beslenmesi, e\u011fitimi gibi t\u00fcm bilgiler.\" \/>\n<meta property=\"og:url\" content=\"https:\/\/www.petlican.com\/blog\/kopek-cinsleri\/appenzell-dag-kopegi\/\" \/>\n<meta property=\"og:site_name\" content=\"Petlican.com\" \/>\n<meta property=\"article:publisher\" content=\"https:\/\/www.facebook.com\/petlican\/\" \/>\n<meta property=\"article:published_time\" content=\"2018-01-15T13:10:29+00:00\" \/>\n<meta property=\"article:modified_time\" content=\"2018-01-14T13:17:45+00:00\" \/>\n<meta property=\"og:image\" content=\"https:\/\/www.petlican.com\/blog\/wp-content\/uploads\/2018\/01\/appenzell-dag-kopegi.jpg\" \/>\n\t<meta property=\"og:image:width\" content=\"800\" \/>\n\t<meta property=\"og:image:height\" content=\"534\" \/>\n\t<meta property=\"og:image:type\" content=\"image\/jpeg\" \/>\n<meta name=\"author\" content=\"KopekSever\" \/>\n<meta name=\"twitter:card\" content=\"summary_large_image\" \/>\n<meta name=\"twitter:creator\" content=\"@petlican\" \/>\n<meta name=\"twitter:site\" content=\"@petlican\" \/>\n<meta name=\"twitter:label1\" content=\"Yazan:\" \/>\n\t<meta name=\"twitter:data1\" content=\"KopekSever\" \/>\n\t<meta name=\"twitter:label2\" content=\"Tahmini okuma s\u00fcresi\" \/>\n\t<meta name=\"twitter:data2\" content=\"1 dakika\" \/>\n<script type=\"application\/ld+json\" class=\"yoast-schema-graph\">{\"@context\":\"https:\/\/schema.org\",\"@graph\":[{\"@type\":\"WebPage\",\"@id\":\"https:\/\/www.petlican.com\/blog\/kopek-cinsleri\/appenzell-dag-kopegi\/\",\"url\":\"https:\/\/www.petlican.com\/blog\/kopek-cinsleri\/appenzell-dag-kopegi\/\",\"name\":\"Appenzell Da\u011f K\u00f6pe\u011fi Cinsi K\u00f6pek Bak\u0131m\u0131 ve \u00d6zellikleri - Petlican.com\",\"isPartOf\":{\"@id\":\"https:\/\/www.petlican.com\/blog\/#website\"},\"datePublished\":\"2018-01-15T13:10:29+00:00\",\"dateModified\":\"2018-01-14T13:17:45+00:00\",\"author\":{\"@id\":\"https:\/\/www.petlican.com\/blog\/#\/schema\/person\/4234c2cde71685d2f985b7d0d37a9bcf\"},\"description\":\"Appenzell Da\u011f K\u00f6pe\u011fi ve di\u011fer evcil hayvan \u0131rklar\u0131, cinsleri, \u00f6zellikleri, karakteri, sa\u011fl\u0131\u011f\u0131, bak\u0131m\u0131, beslenmesi, e\u011fitimi gibi t\u00fcm bilgiler.\",\"breadcrumb\":{\"@id\":\"https:\/\/www.petlican.com\/blog\/kopek-cinsleri\/appenzell-dag-kopegi\/#breadcrumb\"},\"inLanguage\":\"tr\",\"potentialAction\":[{\"@type\":\"ReadAction\",\"target\":[\"https:\/\/www.petlican.com\/blog\/kopek-cinsleri\/appenzell-dag-kopegi\/\"]}]},{\"@type\":\"BreadcrumbList\",\"@id\":\"https:\/\/www.petlican.com\/blog\/kopek-cinsleri\/appenzell-dag-kopegi\/#breadcrumb\",\"itemListElement\":[{\"@type\":\"ListItem\",\"position\":1,\"name\":\"Ana sayfa\",\"item\":\"https:\/\/www.petlican.com\/blog\/\"},{\"@type\":\"ListItem\",\"position\":2,\"name\":\"Appenzell Da\u011f K\u00f6pe\u011fi\"}]},{\"@type\":\"WebSite\",\"@id\":\"https:\/\/www.petlican.com\/blog\/#website\",\"url\":\"https:\/\/www.petlican.com\/blog\/\",\"name\":\"Petlican.com\",\"description\":\"\",\"potentialAction\":[{\"@type\":\"SearchAction\",\"target\":{\"@type\":\"EntryPoint\",\"urlTemplate\":\"https:\/\/www.petlican.com\/blog\/?s={search_term_string}\"},\"query-input\":\"required name=search_term_string\"}],\"inLanguage\":\"tr\"},{\"@type\":\"Person\",\"@id\":\"https:\/\/www.petlican.com\/blog\/#\/schema\/person\/4234c2cde71685d2f985b7d0d37a9bcf\",\"name\":\"KopekSever\",\"image\":{\"@type\":\"ImageObject\",\"inLanguage\":\"tr\",\"@id\":\"https:\/\/www.petlican.com\/blog\/#\/schema\/person\/image\/\",\"url\":\"https:\/\/www.petlican.com\/blog\/wp-content\/uploads\/avatars\/8\/59d71b301a574-bpfull.jpg\",\"contentUrl\":\"https:\/\/www.petlican.com\/blog\/wp-content\/uploads\/avatars\/8\/59d71b301a574-bpfull.jpg\",\"caption\":\"KopekSever\"}}]}<\/script>\n<!-- \/ Yoast SEO plugin. -->","yoast_head_json":{"title":"Appenzell Da\u011f K\u00f6pe\u011fi Cinsi K\u00f6pek Bak\u0131m\u0131 ve \u00d6zellikleri - Petlican.com","description":"Appenzell Da\u011f K\u00f6pe\u011fi ve di\u011fer evcil hayvan \u0131rklar\u0131, cinsleri, \u00f6zellikleri, karakteri, sa\u011fl\u0131\u011f\u0131, bak\u0131m\u0131, beslenmesi, e\u011fitimi gibi t\u00fcm bilgiler.","robots":{"index":"index","follow":"follow","max-snippet":"max-snippet:-1","max-image-preview":"max-image-preview:large","max-video-preview":"max-video-preview:-1"},"canonical":"https:\/\/www.petlican.com\/blog\/kopek-cinsleri\/appenzell-dag-kopegi\/","og_locale":"tr_TR","og_type":"article","og_title":"Appenzell Da\u011f K\u00f6pe\u011fi Cinsi K\u00f6pek Bak\u0131m\u0131 ve \u00d6zellikleri - Petlican.com","og_description":"Appenzell Da\u011f K\u00f6pe\u011fi ve di\u011fer evcil hayvan \u0131rklar\u0131, cinsleri, \u00f6zellikleri, karakteri, sa\u011fl\u0131\u011f\u0131, bak\u0131m\u0131, beslenmesi, e\u011fitimi gibi t\u00fcm bilgiler.","og_url":"https:\/\/www.petlican.com\/blog\/kopek-cinsleri\/appenzell-dag-kopegi\/","og_site_name":"Petlican.com","article_publisher":"https:\/\/www.facebook.com\/petlican\/","article_published_time":"2018-01-15T13:10:29+00:00","article_modified_time":"2018-01-14T13:17:45+00:00","og_image":[{"width":800,"height":534,"url":"https:\/\/www.petlican.com\/blog\/wp-content\/uploads\/2018\/01\/appenzell-dag-kopegi.jpg","type":"image\/jpeg"}],"author":"KopekSever","twitter_card":"summary_large_image","twitter_creator":"@petlican","twitter_site":"@petlican","twitter_misc":{"Yazan:":"KopekSever","Tahmini okuma s\u00fcresi":"1 dakika"},"schema":{"@context":"https:\/\/schema.org","@graph":[{"@type":"WebPage","@id":"https:\/\/www.petlican.com\/blog\/kopek-cinsleri\/appenzell-dag-kopegi\/","url":"https:\/\/www.petlican.com\/blog\/kopek-cinsleri\/appenzell-dag-kopegi\/","name":"Appenzell Da\u011f K\u00f6pe\u011fi Cinsi K\u00f6pek Bak\u0131m\u0131 ve \u00d6zellikleri - Petlican.com","isPartOf":{"@id":"https:\/\/www.petlican.com\/blog\/#website"},"datePublished":"2018-01-15T13:10:29+00:00","dateModified":"2018-01-14T13:17:45+00:00","author":{"@id":"https:\/\/www.petlican.com\/blog\/#\/schema\/person\/4234c2cde71685d2f985b7d0d37a9bcf"},"description":"Appenzell Da\u011f K\u00f6pe\u011fi ve di\u011fer evcil hayvan \u0131rklar\u0131, cinsleri, \u00f6zellikleri, karakteri, sa\u011fl\u0131\u011f\u0131, bak\u0131m\u0131, beslenmesi, e\u011fitimi gibi t\u00fcm bilgiler.","breadcrumb":{"@id":"https:\/\/www.petlican.com\/blog\/kopek-cinsleri\/appenzell-dag-kopegi\/#breadcrumb"},"inLanguage":"tr","potentialAction":[{"@type":"ReadAction","target":["https:\/\/www.petlican.com\/blog\/kopek-cinsleri\/appenzell-dag-kopegi\/"]}]},{"@type":"BreadcrumbList","@id":"https:\/\/www.petlican.com\/blog\/kopek-cinsleri\/appenzell-dag-kopegi\/#breadcrumb","itemListElement":[{"@type":"ListItem","position":1,"name":"Ana sayfa","item":"https:\/\/www.petlican.com\/blog\/"},{"@type":"ListItem","position":2,"name":"Appenzell Da\u011f K\u00f6pe\u011fi"}]},{"@type":"WebSite","@id":"https:\/\/www.petlican.com\/blog\/#website","url":"https:\/\/www.petlican.com\/blog\/","name":"Petlican.com","description":"","potentialAction":[{"@type":"SearchAction","target":{"@type":"EntryPoint","urlTemplate":"https:\/\/www.petlican.com\/blog\/?s={search_term_string}"},"query-input":"required name=search_term_string"}],"inLanguage":"tr"},{"@type":"Person","@id":"https:\/\/www.petlican.com\/blog\/#\/schema\/person\/4234c2cde71685d2f985b7d0d37a9bcf","name":"KopekSever","image":{"@type":"ImageObject","inLanguage":"tr","@id":"https:\/\/www.petlican.com\/blog\/#\/schema\/person\/image\/","url":"https:\/\/www.petlican.com\/blog\/wp-content\/uploads\/avatars\/8\/59d71b301a574-bpfull.jpg","contentUrl":"https:\/\/www.petlican.com\/blog\/wp-content\/uploads\/avatars\/8\/59d71b301a574-bpfull.jpg","caption":"KopekSever"}}]}},"_links":{"self":[{"href":"https:\/\/www.petlican.com\/blog\/wp-json\/wp\/v2\/posts\/3028"}],"collection":[{"href":"https:\/\/www.petlican.com\/blog\/wp-json\/wp\/v2\/posts"}],"about":[{"href":"https:\/\/www.petlican.com\/blog\/wp-json\/wp\/v2\/types\/post"}],"author":[{"embeddable":true,"href":"https:\/\/www.petlican.com\/blog\/wp-json\/wp\/v2\/users\/8"}],"replies":[{"embeddable":true,"href":"https:\/\/www.petlican.com\/blog\/wp-json\/wp\/v2\/comments?post=3028"}],"version-history":[{"count":0,"href":"https:\/\/www.petlican.com\/blog\/wp-json\/wp\/v2\/posts\/3028\/revisions"}],"wp:featuredmedia":[{"embeddable":true,"href":"https:\/\/www.petlican.com\/blog\/wp-json\/wp\/v2\/media\/3029"}],"wp:attachment":[{"href":"https:\/\/www.petlican.com\/blog\/wp-json\/wp\/v2\/media?parent=3028"}],"wp:term":[{"taxonomy":"category","embeddable":true,"href":"https:\/\/www.petlican.com\/blog\/wp-json\/wp\/v2\/categories?post=3028"},{"taxonomy":"post_tag","embeddable":true,"href":"https:\/\/www.petlican.com\/blog\/wp-json\/wp\/v2\/tags?post=3028"}],"curies":[{"name":"wp","href":"https:\/\/api.w.org\/{rel}","templated":true}]}}