{"id":2622,"date":"2017-12-02T12:37:53","date_gmt":"2017-12-02T09:37:53","guid":{"rendered":"https:\/\/www.petlican.com\/blog\/?p=2622"},"modified":"2017-12-02T13:38:36","modified_gmt":"2017-12-02T10:38:36","slug":"muglada-demir-cubukla-kopegi-dovdu","status":"publish","type":"post","link":"https:\/\/www.petlican.com\/blog\/gundem\/muglada-demir-cubukla-kopegi-dovdu\/","title":{"rendered":"Mu\u011fla&#8217;da Demir \u00c7ubukla K\u00f6pe\u011fi D\u00f6vd\u00fc"},"content":{"rendered":"<p>Fethiye Sanayi Sitesi \u015eehit Osman Tosun Caddesi 274\u2019\u00fcnc\u00fc Sokak\u2019ta koltuk d\u00f6\u015femecisi Adnan \u00d6zal (45) ve \u00e7al\u0131\u015fan\u0131 Volkan Ala\u015fan\u2019\u0131n (19) bakt\u0131\u011f\u0131 Rottweiler cinsi 4 ya\u015f\u0131ndaki \u2019Cesi\u2019 adl\u0131 k\u00f6pek, sanayi sitesinde market i\u015fleten Efe Day\u0131 \u00d6. taraf\u0131ndan ge\u00e7en \u00e7ar\u015famba gecesi demir \u00e7ubukla, bay\u0131l\u0131ncaya kadar, dakikalarca d\u00f6v\u00fcld\u00fc. O anlar, i\u015fyerinin g\u00fcvenlik kameras\u0131nca g\u00f6r\u00fcnt\u00fclendi.<\/p>\n<div class=\"boombox-responsive-embed \"><iframe width=\"1160\" height=\"653\" src=\"https:\/\/www.youtube.com\/embed\/Hi2qrcMvdOM?feature=oembed\" frameborder=\"0\" gesture=\"media\" allow=\"encrypted-media\" allowfullscreen><\/iframe><\/div>\n<p>Sabah i\u015fyerine gelen Adnan \u00d6zal, k\u00f6pe\u011fi yaral\u0131 halde g\u00f6r\u00fcnce, otomobille veterinere g\u00f6t\u00fcrd\u00fc. R\u00f6ntgeni \u00e7ekilip, kafas\u0131na 7 diki\u015f at\u0131lan, ayr\u0131ca sol \u00f6n aya\u011f\u0131 ile s\u0131rt\u0131nda darbeye ba\u011fl\u0131 izler bulunan k\u00f6pek, tedaviye al\u0131nd\u0131. K\u00f6pe\u011fi d\u00f6ven ki\u015finin d\u00fckkana 2 kilometre uzakl\u0131kta market i\u015fleten Efe Day\u0131 \u00d6. oldu\u011fu belirlendi. \u015eikayet \u00fczerine \u015f\u00fcpheli bu sabah g\u00f6zalt\u0131na al\u0131nd\u0131.<\/p>\n<p><img decoding=\"async\" class=\"alignnone size-full wp-image-2623\" src=\"https:\/\/www.petlican.com\/blog\/wp-content\/uploads\/2017\/12\/kopegi-demir-cubuklu-dovdu.jpg\" alt=\"\" width=\"758\" height=\"426\" srcset=\"https:\/\/www.petlican.com\/blog\/wp-content\/uploads\/2017\/12\/kopegi-demir-cubuklu-dovdu.jpg 758w, https:\/\/www.petlican.com\/blog\/wp-content\/uploads\/2017\/12\/kopegi-demir-cubuklu-dovdu-600x337.jpg 600w, https:\/\/www.petlican.com\/blog\/wp-content\/uploads\/2017\/12\/kopegi-demir-cubuklu-dovdu-300x169.jpg 300w, https:\/\/www.petlican.com\/blog\/wp-content\/uploads\/2017\/12\/kopegi-demir-cubuklu-dovdu-545x306.jpg 545w\" sizes=\"(max-width: 758px) 100vw, 758px\" \/><br \/>\nK\u00f6pe\u011fe vah\u015fice sald\u0131ran market\u00e7i Efe Day\u0131 \u00d6&#8230;<\/p>\n<p>K\u00f6pe\u011fi besleyen Volkan Ala\u015fan, &#8220;K\u00f6pe\u011fimiz zaten d\u00fckkan\u0131n \u00f6n\u00fcnde ba\u011fl\u0131 durumda. Yani sald\u0131rmas\u0131 bile s\u00f6z konusu de\u011fil. Ayr\u0131ca k\u00f6pe\u011fimiz t\u00fcm esnaf taraf\u0131ndan \u00e7ok sevilir, kimseye bir zarar\u0131 yok. Buradan saat 23.00 gibi yoldan ge\u00e7en \u015fah\u0131s, her nedense elindeki demir \u00e7ubukla k\u00f6pe\u011fimize sald\u0131r\u0131yor. Vurduk\u00e7a vuruyor. Kanlar i\u00e7inde b\u0131rak\u0131yor. Her yeri yara bere i\u00e7inde. G\u00f6r\u00fcnt\u00fcleri izleyince deh\u015fete d\u00fc\u015ft\u00fck. \u00d6nce k\u00f6pe\u011fimizin tedavi edilmesini sa\u011flad\u0131k ard\u0131ndan \u015fah\u0131s hakk\u0131nda \u015fikayette bulunduk. En a\u011f\u0131r \u015fekilde cezaland\u0131r\u0131lmas\u0131n\u0131 istedik&#8221; dedi.<\/p>\n","protected":false},"excerpt":{"rendered":"<p>Fethiye Sanayi Sitesi \u015eehit Osman Tosun Caddesi 274\u2019\u00fcnc\u00fc Sokak\u2019ta koltuk d\u00f6\u015femecisi Adnan \u00d6zal (45) ve \u00e7al\u0131\u015fan\u0131 Volkan Ala\u015fan\u2019\u0131n (19) bakt\u0131\u011f\u0131 Rottweiler cinsi 4 ya\u015f\u0131ndaki \u2019Cesi\u2019 adl\u0131 k\u00f6pek, sanayi sitesinde market i\u015fleten Efe Day\u0131 \u00d6. taraf\u0131ndan ge\u00e7en \u00e7ar\u015famba gecesi demir \u00e7ubukla, bay\u0131l\u0131ncaya kadar, dakikalarca d\u00f6v\u00fcld\u00fc. O anlar, i\u015fyerinin g\u00fcvenlik kameras\u0131nca g\u00f6r\u00fcnt\u00fclendi. Sabah i\u015fyerine gelen Adnan \u00d6zal,&#8230;<\/p>\n","protected":false},"author":1,"featured_media":2623,"comment_status":"open","ping_status":"closed","sticky":false,"template":"","format":"standard","meta":[],"categories":[309,307],"tags":[583,581,582],"yoast_head":"<!-- This site is optimized with the Yoast SEO plugin v20.4 - https:\/\/yoast.com\/wordpress\/plugins\/seo\/ -->\n<title>Mu\u011fla&#039;da Demir \u00c7ubukla K\u00f6pe\u011fi D\u00f6vd\u00fc - Petlican.com<\/title>\n<meta name=\"robots\" content=\"index, follow, max-snippet:-1, max-image-preview:large, max-video-preview:-1\" \/>\n<link rel=\"canonical\" href=\"https:\/\/www.petlican.com\/blog\/gundem\/muglada-demir-cubukla-kopegi-dovdu\/\" \/>\n<meta property=\"og:locale\" content=\"tr_TR\" \/>\n<meta property=\"og:type\" content=\"article\" \/>\n<meta property=\"og:title\" content=\"Mu\u011fla&#039;da Demir \u00c7ubukla K\u00f6pe\u011fi D\u00f6vd\u00fc - Petlican.com\" \/>\n<meta property=\"og:description\" content=\"Fethiye Sanayi Sitesi \u015eehit Osman Tosun Caddesi 274\u2019\u00fcnc\u00fc Sokak\u2019ta koltuk d\u00f6\u015femecisi Adnan \u00d6zal (45) ve \u00e7al\u0131\u015fan\u0131 Volkan Ala\u015fan\u2019\u0131n (19) bakt\u0131\u011f\u0131 Rottweiler cinsi 4 ya\u015f\u0131ndaki \u2019Cesi\u2019 adl\u0131 k\u00f6pek, sanayi sitesinde market i\u015fleten Efe Day\u0131 \u00d6. taraf\u0131ndan ge\u00e7en \u00e7ar\u015famba gecesi demir \u00e7ubukla, bay\u0131l\u0131ncaya kadar, dakikalarca d\u00f6v\u00fcld\u00fc. O anlar, i\u015fyerinin g\u00fcvenlik kameras\u0131nca g\u00f6r\u00fcnt\u00fclendi. Sabah i\u015fyerine gelen Adnan \u00d6zal,...\" \/>\n<meta property=\"og:url\" content=\"https:\/\/www.petlican.com\/blog\/gundem\/muglada-demir-cubukla-kopegi-dovdu\/\" \/>\n<meta property=\"og:site_name\" content=\"Petlican.com\" \/>\n<meta property=\"article:publisher\" content=\"https:\/\/www.facebook.com\/petlican\/\" \/>\n<meta property=\"article:published_time\" content=\"2017-12-02T09:37:53+00:00\" \/>\n<meta property=\"article:modified_time\" content=\"2017-12-02T10:38:36+00:00\" \/>\n<meta property=\"og:image\" content=\"https:\/\/www.petlican.com\/blog\/wp-content\/uploads\/2017\/12\/kopegi-demir-cubuklu-dovdu.jpg\" \/>\n\t<meta property=\"og:image:width\" content=\"758\" \/>\n\t<meta property=\"og:image:height\" content=\"426\" \/>\n\t<meta property=\"og:image:type\" content=\"image\/jpeg\" \/>\n<meta name=\"author\" content=\"\u0130\u00e7erik Ekibi\" \/>\n<meta name=\"twitter:card\" content=\"summary_large_image\" \/>\n<meta name=\"twitter:creator\" content=\"@petlican\" \/>\n<meta name=\"twitter:site\" content=\"@petlican\" \/>\n<meta name=\"twitter:label1\" content=\"Yazan:\" \/>\n\t<meta name=\"twitter:data1\" content=\"\u0130\u00e7erik Ekibi\" \/>\n\t<meta name=\"twitter:label2\" content=\"Tahmini okuma s\u00fcresi\" \/>\n\t<meta name=\"twitter:data2\" content=\"1 dakika\" \/>\n<script type=\"application\/ld+json\" class=\"yoast-schema-graph\">{\"@context\":\"https:\/\/schema.org\",\"@graph\":[{\"@type\":\"WebPage\",\"@id\":\"https:\/\/www.petlican.com\/blog\/gundem\/muglada-demir-cubukla-kopegi-dovdu\/\",\"url\":\"https:\/\/www.petlican.com\/blog\/gundem\/muglada-demir-cubukla-kopegi-dovdu\/\",\"name\":\"Mu\u011fla'da Demir \u00c7ubukla K\u00f6pe\u011fi D\u00f6vd\u00fc - Petlican.com\",\"isPartOf\":{\"@id\":\"https:\/\/www.petlican.com\/blog\/#website\"},\"datePublished\":\"2017-12-02T09:37:53+00:00\",\"dateModified\":\"2017-12-02T10:38:36+00:00\",\"author\":{\"@id\":\"https:\/\/www.petlican.com\/blog\/#\/schema\/person\/bb554801d1236f339af9f6906b9c339a\"},\"breadcrumb\":{\"@id\":\"https:\/\/www.petlican.com\/blog\/gundem\/muglada-demir-cubukla-kopegi-dovdu\/#breadcrumb\"},\"inLanguage\":\"tr\",\"potentialAction\":[{\"@type\":\"ReadAction\",\"target\":[\"https:\/\/www.petlican.com\/blog\/gundem\/muglada-demir-cubukla-kopegi-dovdu\/\"]}]},{\"@type\":\"BreadcrumbList\",\"@id\":\"https:\/\/www.petlican.com\/blog\/gundem\/muglada-demir-cubukla-kopegi-dovdu\/#breadcrumb\",\"itemListElement\":[{\"@type\":\"ListItem\",\"position\":1,\"name\":\"Ana sayfa\",\"item\":\"https:\/\/www.petlican.com\/blog\/\"},{\"@type\":\"ListItem\",\"position\":2,\"name\":\"Mu\u011fla&#8217;da Demir \u00c7ubukla K\u00f6pe\u011fi D\u00f6vd\u00fc\"}]},{\"@type\":\"WebSite\",\"@id\":\"https:\/\/www.petlican.com\/blog\/#website\",\"url\":\"https:\/\/www.petlican.com\/blog\/\",\"name\":\"Petlican.com\",\"description\":\"\",\"potentialAction\":[{\"@type\":\"SearchAction\",\"target\":{\"@type\":\"EntryPoint\",\"urlTemplate\":\"https:\/\/www.petlican.com\/blog\/?s={search_term_string}\"},\"query-input\":\"required name=search_term_string\"}],\"inLanguage\":\"tr\"},{\"@type\":\"Person\",\"@id\":\"https:\/\/www.petlican.com\/blog\/#\/schema\/person\/bb554801d1236f339af9f6906b9c339a\",\"name\":\"\u0130\u00e7erik Ekibi\",\"image\":{\"@type\":\"ImageObject\",\"inLanguage\":\"tr\",\"@id\":\"https:\/\/www.petlican.com\/blog\/#\/schema\/person\/image\/\",\"url\":\"https:\/\/www.petlican.com\/blog\/wp-content\/uploads\/avatars\/1\/59b69f55883e5-bpfull.jpg\",\"contentUrl\":\"https:\/\/www.petlican.com\/blog\/wp-content\/uploads\/avatars\/1\/59b69f55883e5-bpfull.jpg\",\"caption\":\"\u0130\u00e7erik Ekibi\"}}]}<\/script>\n<!-- \/ Yoast SEO plugin. -->","yoast_head_json":{"title":"Mu\u011fla'da Demir \u00c7ubukla K\u00f6pe\u011fi D\u00f6vd\u00fc - Petlican.com","robots":{"index":"index","follow":"follow","max-snippet":"max-snippet:-1","max-image-preview":"max-image-preview:large","max-video-preview":"max-video-preview:-1"},"canonical":"https:\/\/www.petlican.com\/blog\/gundem\/muglada-demir-cubukla-kopegi-dovdu\/","og_locale":"tr_TR","og_type":"article","og_title":"Mu\u011fla'da Demir \u00c7ubukla K\u00f6pe\u011fi D\u00f6vd\u00fc - Petlican.com","og_description":"Fethiye Sanayi Sitesi \u015eehit Osman Tosun Caddesi 274\u2019\u00fcnc\u00fc Sokak\u2019ta koltuk d\u00f6\u015femecisi Adnan \u00d6zal (45) ve \u00e7al\u0131\u015fan\u0131 Volkan Ala\u015fan\u2019\u0131n (19) bakt\u0131\u011f\u0131 Rottweiler cinsi 4 ya\u015f\u0131ndaki \u2019Cesi\u2019 adl\u0131 k\u00f6pek, sanayi sitesinde market i\u015fleten Efe Day\u0131 \u00d6. taraf\u0131ndan ge\u00e7en \u00e7ar\u015famba gecesi demir \u00e7ubukla, bay\u0131l\u0131ncaya kadar, dakikalarca d\u00f6v\u00fcld\u00fc. O anlar, i\u015fyerinin g\u00fcvenlik kameras\u0131nca g\u00f6r\u00fcnt\u00fclendi. Sabah i\u015fyerine gelen Adnan \u00d6zal,...","og_url":"https:\/\/www.petlican.com\/blog\/gundem\/muglada-demir-cubukla-kopegi-dovdu\/","og_site_name":"Petlican.com","article_publisher":"https:\/\/www.facebook.com\/petlican\/","article_published_time":"2017-12-02T09:37:53+00:00","article_modified_time":"2017-12-02T10:38:36+00:00","og_image":[{"width":758,"height":426,"url":"https:\/\/www.petlican.com\/blog\/wp-content\/uploads\/2017\/12\/kopegi-demir-cubuklu-dovdu.jpg","type":"image\/jpeg"}],"author":"\u0130\u00e7erik Ekibi","twitter_card":"summary_large_image","twitter_creator":"@petlican","twitter_site":"@petlican","twitter_misc":{"Yazan:":"\u0130\u00e7erik Ekibi","Tahmini okuma s\u00fcresi":"1 dakika"},"schema":{"@context":"https:\/\/schema.org","@graph":[{"@type":"WebPage","@id":"https:\/\/www.petlican.com\/blog\/gundem\/muglada-demir-cubukla-kopegi-dovdu\/","url":"https:\/\/www.petlican.com\/blog\/gundem\/muglada-demir-cubukla-kopegi-dovdu\/","name":"Mu\u011fla'da Demir \u00c7ubukla K\u00f6pe\u011fi D\u00f6vd\u00fc - Petlican.com","isPartOf":{"@id":"https:\/\/www.petlican.com\/blog\/#website"},"datePublished":"2017-12-02T09:37:53+00:00","dateModified":"2017-12-02T10:38:36+00:00","author":{"@id":"https:\/\/www.petlican.com\/blog\/#\/schema\/person\/bb554801d1236f339af9f6906b9c339a"},"breadcrumb":{"@id":"https:\/\/www.petlican.com\/blog\/gundem\/muglada-demir-cubukla-kopegi-dovdu\/#breadcrumb"},"inLanguage":"tr","potentialAction":[{"@type":"ReadAction","target":["https:\/\/www.petlican.com\/blog\/gundem\/muglada-demir-cubukla-kopegi-dovdu\/"]}]},{"@type":"BreadcrumbList","@id":"https:\/\/www.petlican.com\/blog\/gundem\/muglada-demir-cubukla-kopegi-dovdu\/#breadcrumb","itemListElement":[{"@type":"ListItem","position":1,"name":"Ana sayfa","item":"https:\/\/www.petlican.com\/blog\/"},{"@type":"ListItem","position":2,"name":"Mu\u011fla&#8217;da Demir \u00c7ubukla K\u00f6pe\u011fi D\u00f6vd\u00fc"}]},{"@type":"WebSite","@id":"https:\/\/www.petlican.com\/blog\/#website","url":"https:\/\/www.petlican.com\/blog\/","name":"Petlican.com","description":"","potentialAction":[{"@type":"SearchAction","target":{"@type":"EntryPoint","urlTemplate":"https:\/\/www.petlican.com\/blog\/?s={search_term_string}"},"query-input":"required name=search_term_string"}],"inLanguage":"tr"},{"@type":"Person","@id":"https:\/\/www.petlican.com\/blog\/#\/schema\/person\/bb554801d1236f339af9f6906b9c339a","name":"\u0130\u00e7erik Ekibi","image":{"@type":"ImageObject","inLanguage":"tr","@id":"https:\/\/www.petlican.com\/blog\/#\/schema\/person\/image\/","url":"https:\/\/www.petlican.com\/blog\/wp-content\/uploads\/avatars\/1\/59b69f55883e5-bpfull.jpg","contentUrl":"https:\/\/www.petlican.com\/blog\/wp-content\/uploads\/avatars\/1\/59b69f55883e5-bpfull.jpg","caption":"\u0130\u00e7erik Ekibi"}}]}},"_links":{"self":[{"href":"https:\/\/www.petlican.com\/blog\/wp-json\/wp\/v2\/posts\/2622"}],"collection":[{"href":"https:\/\/www.petlican.com\/blog\/wp-json\/wp\/v2\/posts"}],"about":[{"href":"https:\/\/www.petlican.com\/blog\/wp-json\/wp\/v2\/types\/post"}],"author":[{"embeddable":true,"href":"https:\/\/www.petlican.com\/blog\/wp-json\/wp\/v2\/users\/1"}],"replies":[{"embeddable":true,"href":"https:\/\/www.petlican.com\/blog\/wp-json\/wp\/v2\/comments?post=2622"}],"version-history":[{"count":0,"href":"https:\/\/www.petlican.com\/blog\/wp-json\/wp\/v2\/posts\/2622\/revisions"}],"wp:featuredmedia":[{"embeddable":true,"href":"https:\/\/www.petlican.com\/blog\/wp-json\/wp\/v2\/media\/2623"}],"wp:attachment":[{"href":"https:\/\/www.petlican.com\/blog\/wp-json\/wp\/v2\/media?parent=2622"}],"wp:term":[{"taxonomy":"category","embeddable":true,"href":"https:\/\/www.petlican.com\/blog\/wp-json\/wp\/v2\/categories?post=2622"},{"taxonomy":"post_tag","embeddable":true,"href":"https:\/\/www.petlican.com\/blog\/wp-json\/wp\/v2\/tags?post=2622"}],"curies":[{"name":"wp","href":"https:\/\/api.w.org\/{rel}","templated":true}]}}