{"id":2579,"date":"2017-11-20T12:23:18","date_gmt":"2017-11-20T09:23:18","guid":{"rendered":"https:\/\/www.petlican.com\/blog\/?p=2579"},"modified":"2017-11-27T09:47:27","modified_gmt":"2017-11-27T06:47:27","slug":"serval-kedisi-avmde-sergileniyor","status":"publish","type":"post","link":"https:\/\/www.petlican.com\/blog\/gundem\/serval-kedisi-avmde-sergileniyor\/","title":{"rendered":"Serval Kedisi AVM&#8217;de Sergileniyor!"},"content":{"rendered":"<p>Ankara\u2019n\u0131n en \u00fcnl\u00fc al\u0131\u015fveri\u015f merkezlerinden Nata Vega\u2019da hayvan severlerin tepkisini \u00e7eken bir olay ya\u015fan\u0131yor.<\/p>\n<p>AVM\u2019nin alt kat\u0131ndaki akvaryum ve yeni a\u00e7\u0131lan vah\u015fi ya\u015fam alan\u0131nda ender bulunan bir Serval kedisi Ankara\u2019da AVM\u2019nin i\u00e7inde cam vitrinde sergileniyor.<\/p>\n<p>Hayvan severler ise bu duruma \u00e7ok tepkili. Bu kapsamda as\u0131l ya\u015fam alan\u0131 Afrika olan kedi i\u00e7in\u00a0<strong>\u201cHayvanlar cam hapishanelerde sergilenmesin\u201d<\/strong>\u00a0ba\u015fl\u0131\u011f\u0131yla imza kampanyas\u0131 ba\u015flat\u0131ld\u0131.<\/p>\n<p><img decoding=\"async\" class=\"alignnone size-full wp-image-2580\" src=\"https:\/\/www.petlican.com\/blog\/wp-content\/uploads\/2017\/11\/serval-kedisi.jpg\" alt=\"\" width=\"800\" height=\"450\" srcset=\"https:\/\/www.petlican.com\/blog\/wp-content\/uploads\/2017\/11\/serval-kedisi.jpg 800w, https:\/\/www.petlican.com\/blog\/wp-content\/uploads\/2017\/11\/serval-kedisi-600x338.jpg 600w, https:\/\/www.petlican.com\/blog\/wp-content\/uploads\/2017\/11\/serval-kedisi-300x169.jpg 300w, https:\/\/www.petlican.com\/blog\/wp-content\/uploads\/2017\/11\/serval-kedisi-768x432.jpg 768w, https:\/\/www.petlican.com\/blog\/wp-content\/uploads\/2017\/11\/serval-kedisi-545x307.jpg 545w\" sizes=\"(max-width: 800px) 100vw, 800px\" \/><\/p>\n<p>CNN T\u00fcrk\u2019\u00fcn tan\u0131nan spikerlerinden Cem Seymen de bu duruma tepki g\u00f6sterdi. Seymen, Twitter hesab\u0131ndan,\u00a0<strong>\u201cBu Serval kedisi. Anavatan\u0131 Afrika. Ankara\u2019da bir AVM\u2019nin i\u00e7inde cam vitrinde sergileniyor. Bu nas\u0131l bir ac\u0131mas\u0131zl\u0131kt\u0131r? Bu nas\u0131l bir vicdani su\u00e7tur? \u0130nsanl\u0131\u011fa s\u0131\u011fmaz b\u00f6yle bir manzara. Kanun yap\u0131c\u0131 bu vicdans\u0131zl\u0131\u011f\u0131 yasaklamal\u0131. @NataVegaOutlet AVM son verin buna. L\u00fctfen\u201d<\/strong>ifadelerini payla\u015ft\u0131.<\/p>\n<p>\u00d6te yandan AVM&#8217;de Serval kedisinin d\u0131\u015f\u0131nda, Femish Dev Tav\u015fan\u0131, Alt\u0131n Kafal\u0131 Arslan Tamarin, Evcil Da\u011f Gelinci\u011fi, Marmoset, Altuni S\u00fcl\u00fcn, Nil Timsah\u0131, Parma Wallaby gibi \u00e7e\u015fitli t\u00fcrlerdeki hayvanlar da sergileniyor. Ayr\u0131ca Gila Canavar\u0131, Mojave \u00c7\u0131ng\u0131rakl\u0131 Y\u0131lan\u0131, \u00c7\u00f6l Engere\u011fi, Goliath, Alt\u0131n Ok Kurba\u011fas\u0131, Afrika Dev K\u0131rkaya\u011f\u0131, Kafesli Piton gibi hayvanlar da\u00a0<strong>\u201cAdrenalin D\u00fcnyas\u0131\u201d<\/strong>\u00a0ad\u0131yla al\u0131\u015fveri\u015f merkezine gelen ziyaret\u00e7ilere te\u015fhir ediliyor.<\/p>\n","protected":false},"excerpt":{"rendered":"<p>Ankara\u2019n\u0131n en \u00fcnl\u00fc al\u0131\u015fveri\u015f merkezlerinden Nata Vega\u2019da hayvan severlerin tepkisini \u00e7eken bir olay ya\u015fand\u0131..<\/p>\n","protected":false},"author":1,"featured_media":2580,"comment_status":"open","ping_status":"closed","sticky":false,"template":"","format":"standard","meta":[],"categories":[309,307],"tags":[562,564,563],"yoast_head":"<!-- This site is optimized with the Yoast SEO plugin v20.4 - https:\/\/yoast.com\/wordpress\/plugins\/seo\/ -->\n<title>Serval Kedisi AVM&#039;de Sergileniyor! - Petlican.com<\/title>\n<meta name=\"robots\" content=\"index, follow, max-snippet:-1, max-image-preview:large, max-video-preview:-1\" \/>\n<link rel=\"canonical\" href=\"https:\/\/www.petlican.com\/blog\/gundem\/serval-kedisi-avmde-sergileniyor\/\" \/>\n<meta property=\"og:locale\" content=\"tr_TR\" \/>\n<meta property=\"og:type\" content=\"article\" \/>\n<meta property=\"og:title\" content=\"Serval Kedisi AVM&#039;de Sergileniyor! - Petlican.com\" \/>\n<meta property=\"og:description\" content=\"Ankara\u2019n\u0131n en \u00fcnl\u00fc al\u0131\u015fveri\u015f merkezlerinden Nata Vega\u2019da hayvan severlerin tepkisini \u00e7eken bir olay ya\u015fand\u0131..\" \/>\n<meta property=\"og:url\" content=\"https:\/\/www.petlican.com\/blog\/gundem\/serval-kedisi-avmde-sergileniyor\/\" \/>\n<meta property=\"og:site_name\" content=\"Petlican.com\" \/>\n<meta property=\"article:publisher\" content=\"https:\/\/www.facebook.com\/petlican\/\" \/>\n<meta property=\"article:published_time\" content=\"2017-11-20T09:23:18+00:00\" \/>\n<meta property=\"article:modified_time\" content=\"2017-11-27T06:47:27+00:00\" \/>\n<meta property=\"og:image\" content=\"https:\/\/www.petlican.com\/blog\/wp-content\/uploads\/2017\/11\/serval-kedisi.jpg\" \/>\n\t<meta property=\"og:image:width\" content=\"800\" \/>\n\t<meta property=\"og:image:height\" content=\"450\" \/>\n\t<meta property=\"og:image:type\" content=\"image\/jpeg\" \/>\n<meta name=\"author\" content=\"\u0130\u00e7erik Ekibi\" \/>\n<meta name=\"twitter:card\" content=\"summary_large_image\" \/>\n<meta name=\"twitter:creator\" content=\"@petlican\" \/>\n<meta name=\"twitter:site\" content=\"@petlican\" \/>\n<meta name=\"twitter:label1\" content=\"Yazan:\" \/>\n\t<meta name=\"twitter:data1\" content=\"\u0130\u00e7erik Ekibi\" \/>\n\t<meta name=\"twitter:label2\" content=\"Tahmini okuma s\u00fcresi\" \/>\n\t<meta name=\"twitter:data2\" content=\"1 dakika\" \/>\n<script type=\"application\/ld+json\" class=\"yoast-schema-graph\">{\"@context\":\"https:\/\/schema.org\",\"@graph\":[{\"@type\":\"WebPage\",\"@id\":\"https:\/\/www.petlican.com\/blog\/gundem\/serval-kedisi-avmde-sergileniyor\/\",\"url\":\"https:\/\/www.petlican.com\/blog\/gundem\/serval-kedisi-avmde-sergileniyor\/\",\"name\":\"Serval Kedisi AVM'de Sergileniyor! - Petlican.com\",\"isPartOf\":{\"@id\":\"https:\/\/www.petlican.com\/blog\/#website\"},\"datePublished\":\"2017-11-20T09:23:18+00:00\",\"dateModified\":\"2017-11-27T06:47:27+00:00\",\"author\":{\"@id\":\"https:\/\/www.petlican.com\/blog\/#\/schema\/person\/bb554801d1236f339af9f6906b9c339a\"},\"breadcrumb\":{\"@id\":\"https:\/\/www.petlican.com\/blog\/gundem\/serval-kedisi-avmde-sergileniyor\/#breadcrumb\"},\"inLanguage\":\"tr\",\"potentialAction\":[{\"@type\":\"ReadAction\",\"target\":[\"https:\/\/www.petlican.com\/blog\/gundem\/serval-kedisi-avmde-sergileniyor\/\"]}]},{\"@type\":\"BreadcrumbList\",\"@id\":\"https:\/\/www.petlican.com\/blog\/gundem\/serval-kedisi-avmde-sergileniyor\/#breadcrumb\",\"itemListElement\":[{\"@type\":\"ListItem\",\"position\":1,\"name\":\"Ana sayfa\",\"item\":\"https:\/\/www.petlican.com\/blog\/\"},{\"@type\":\"ListItem\",\"position\":2,\"name\":\"Serval Kedisi AVM&#8217;de Sergileniyor!\"}]},{\"@type\":\"WebSite\",\"@id\":\"https:\/\/www.petlican.com\/blog\/#website\",\"url\":\"https:\/\/www.petlican.com\/blog\/\",\"name\":\"Petlican.com\",\"description\":\"\",\"potentialAction\":[{\"@type\":\"SearchAction\",\"target\":{\"@type\":\"EntryPoint\",\"urlTemplate\":\"https:\/\/www.petlican.com\/blog\/?s={search_term_string}\"},\"query-input\":\"required name=search_term_string\"}],\"inLanguage\":\"tr\"},{\"@type\":\"Person\",\"@id\":\"https:\/\/www.petlican.com\/blog\/#\/schema\/person\/bb554801d1236f339af9f6906b9c339a\",\"name\":\"\u0130\u00e7erik Ekibi\",\"image\":{\"@type\":\"ImageObject\",\"inLanguage\":\"tr\",\"@id\":\"https:\/\/www.petlican.com\/blog\/#\/schema\/person\/image\/\",\"url\":\"https:\/\/www.petlican.com\/blog\/wp-content\/uploads\/avatars\/1\/59b69f55883e5-bpfull.jpg\",\"contentUrl\":\"https:\/\/www.petlican.com\/blog\/wp-content\/uploads\/avatars\/1\/59b69f55883e5-bpfull.jpg\",\"caption\":\"\u0130\u00e7erik Ekibi\"}}]}<\/script>\n<!-- \/ Yoast SEO plugin. -->","yoast_head_json":{"title":"Serval Kedisi AVM'de Sergileniyor! - Petlican.com","robots":{"index":"index","follow":"follow","max-snippet":"max-snippet:-1","max-image-preview":"max-image-preview:large","max-video-preview":"max-video-preview:-1"},"canonical":"https:\/\/www.petlican.com\/blog\/gundem\/serval-kedisi-avmde-sergileniyor\/","og_locale":"tr_TR","og_type":"article","og_title":"Serval Kedisi AVM'de Sergileniyor! - Petlican.com","og_description":"Ankara\u2019n\u0131n en \u00fcnl\u00fc al\u0131\u015fveri\u015f merkezlerinden Nata Vega\u2019da hayvan severlerin tepkisini \u00e7eken bir olay ya\u015fand\u0131..","og_url":"https:\/\/www.petlican.com\/blog\/gundem\/serval-kedisi-avmde-sergileniyor\/","og_site_name":"Petlican.com","article_publisher":"https:\/\/www.facebook.com\/petlican\/","article_published_time":"2017-11-20T09:23:18+00:00","article_modified_time":"2017-11-27T06:47:27+00:00","og_image":[{"width":800,"height":450,"url":"https:\/\/www.petlican.com\/blog\/wp-content\/uploads\/2017\/11\/serval-kedisi.jpg","type":"image\/jpeg"}],"author":"\u0130\u00e7erik Ekibi","twitter_card":"summary_large_image","twitter_creator":"@petlican","twitter_site":"@petlican","twitter_misc":{"Yazan:":"\u0130\u00e7erik Ekibi","Tahmini okuma s\u00fcresi":"1 dakika"},"schema":{"@context":"https:\/\/schema.org","@graph":[{"@type":"WebPage","@id":"https:\/\/www.petlican.com\/blog\/gundem\/serval-kedisi-avmde-sergileniyor\/","url":"https:\/\/www.petlican.com\/blog\/gundem\/serval-kedisi-avmde-sergileniyor\/","name":"Serval Kedisi AVM'de Sergileniyor! - Petlican.com","isPartOf":{"@id":"https:\/\/www.petlican.com\/blog\/#website"},"datePublished":"2017-11-20T09:23:18+00:00","dateModified":"2017-11-27T06:47:27+00:00","author":{"@id":"https:\/\/www.petlican.com\/blog\/#\/schema\/person\/bb554801d1236f339af9f6906b9c339a"},"breadcrumb":{"@id":"https:\/\/www.petlican.com\/blog\/gundem\/serval-kedisi-avmde-sergileniyor\/#breadcrumb"},"inLanguage":"tr","potentialAction":[{"@type":"ReadAction","target":["https:\/\/www.petlican.com\/blog\/gundem\/serval-kedisi-avmde-sergileniyor\/"]}]},{"@type":"BreadcrumbList","@id":"https:\/\/www.petlican.com\/blog\/gundem\/serval-kedisi-avmde-sergileniyor\/#breadcrumb","itemListElement":[{"@type":"ListItem","position":1,"name":"Ana sayfa","item":"https:\/\/www.petlican.com\/blog\/"},{"@type":"ListItem","position":2,"name":"Serval Kedisi AVM&#8217;de Sergileniyor!"}]},{"@type":"WebSite","@id":"https:\/\/www.petlican.com\/blog\/#website","url":"https:\/\/www.petlican.com\/blog\/","name":"Petlican.com","description":"","potentialAction":[{"@type":"SearchAction","target":{"@type":"EntryPoint","urlTemplate":"https:\/\/www.petlican.com\/blog\/?s={search_term_string}"},"query-input":"required name=search_term_string"}],"inLanguage":"tr"},{"@type":"Person","@id":"https:\/\/www.petlican.com\/blog\/#\/schema\/person\/bb554801d1236f339af9f6906b9c339a","name":"\u0130\u00e7erik Ekibi","image":{"@type":"ImageObject","inLanguage":"tr","@id":"https:\/\/www.petlican.com\/blog\/#\/schema\/person\/image\/","url":"https:\/\/www.petlican.com\/blog\/wp-content\/uploads\/avatars\/1\/59b69f55883e5-bpfull.jpg","contentUrl":"https:\/\/www.petlican.com\/blog\/wp-content\/uploads\/avatars\/1\/59b69f55883e5-bpfull.jpg","caption":"\u0130\u00e7erik Ekibi"}}]}},"_links":{"self":[{"href":"https:\/\/www.petlican.com\/blog\/wp-json\/wp\/v2\/posts\/2579"}],"collection":[{"href":"https:\/\/www.petlican.com\/blog\/wp-json\/wp\/v2\/posts"}],"about":[{"href":"https:\/\/www.petlican.com\/blog\/wp-json\/wp\/v2\/types\/post"}],"author":[{"embeddable":true,"href":"https:\/\/www.petlican.com\/blog\/wp-json\/wp\/v2\/users\/1"}],"replies":[{"embeddable":true,"href":"https:\/\/www.petlican.com\/blog\/wp-json\/wp\/v2\/comments?post=2579"}],"version-history":[{"count":0,"href":"https:\/\/www.petlican.com\/blog\/wp-json\/wp\/v2\/posts\/2579\/revisions"}],"wp:featuredmedia":[{"embeddable":true,"href":"https:\/\/www.petlican.com\/blog\/wp-json\/wp\/v2\/media\/2580"}],"wp:attachment":[{"href":"https:\/\/www.petlican.com\/blog\/wp-json\/wp\/v2\/media?parent=2579"}],"wp:term":[{"taxonomy":"category","embeddable":true,"href":"https:\/\/www.petlican.com\/blog\/wp-json\/wp\/v2\/categories?post=2579"},{"taxonomy":"post_tag","embeddable":true,"href":"https:\/\/www.petlican.com\/blog\/wp-json\/wp\/v2\/tags?post=2579"}],"curies":[{"name":"wp","href":"https:\/\/api.w.org\/{rel}","templated":true}]}}