{"id":2238,"date":"2017-10-10T10:26:49","date_gmt":"2017-10-10T07:26:49","guid":{"rendered":"https:\/\/www.petlican.com\/blog\/?p=2238"},"modified":"2017-10-10T15:34:13","modified_gmt":"2017-10-10T12:34:13","slug":"yavru-kopegi-tekmeyle-oldurene-546tl-ceza-verildi","status":"publish","type":"post","link":"https:\/\/www.petlican.com\/blog\/gundem\/yavru-kopegi-tekmeyle-oldurene-546tl-ceza-verildi\/","title":{"rendered":"Yavru K\u00f6pe\u011fi Tekmeyle \u00d6ld\u00fcrene 546TL Ceza Verildi!"},"content":{"rendered":"<p>Orman ve Su \u0130\u015fleri A\u011fr\u0131 \u015eube M\u00fcd\u00fcrl\u00fc\u011f\u00fc, Do\u011fubayaz\u0131t il\u00e7esinde yavru k\u00f6pe\u011fi tekmeleyerek eziyet eden ki\u015fiye, sadece 546 lira para cezas\u0131 uygulad\u0131.<\/p>\n<p>A\u011fr\u0131&#8217;n\u0131n Do\u011fubayaz\u0131t \u0130l\u00e7esi&#8217;ne ba\u011fl\u0131 \u00c7iftlik K\u00f6y\u00fc&#8217;n\u00fcn T\u00fcrkmen Mezras\u0131&#8217;nda, 70 ya\u015f\u0131ndaki O. B.&#8217;nin yavru k\u00f6pe\u011fe yapt\u0131\u011f\u0131 i\u015fkence, cep telefonu kameras\u0131na yans\u0131d\u0131. G\u00f6r\u00fcnt\u00fclerin sosyal medyada yay\u0131nlanmas\u0131n\u0131n ard\u0131ndan firari B. hakk\u0131nda ifadesinin al\u0131nmas\u0131 i\u00e7in yakalama karar\u0131 \u00e7\u0131kar\u0131ld\u0131. Orman ve Su \u0130\u015fleri A\u011fr\u0131 \u015eube M\u00fcd\u00fcrl\u00fc\u011f\u00fc, Do\u011fubayaz\u0131t il\u00e7esinde yavru k\u00f6pe\u011fi tekmeleyerek eziyet eden ki\u015fiye, 546 lira para cezas\u0131 uygulad\u0131.<\/p>\n<div class=\"boombox-responsive-embed \"><iframe width=\"1160\" height=\"653\" src=\"https:\/\/www.youtube.com\/embed\/wXE8Lbgl-WI?feature=oembed\" frameborder=\"0\" allowfullscreen><\/iframe><\/div>\n<p>&nbsp;<\/p>\n<p>DHA&#8217;n\u0131n haberine g\u00f6re olay, Do\u011fubayaz\u0131t&#8217;a 13 kilometre uzakl\u0131ktaki T\u00fcrkmen Mezras\u0131&#8217;nda meydana geldi. B.&#8217;nin cep telefonu kameras\u0131na da yans\u0131yan yavru k\u00f6pe\u011fe i\u015fkence g\u00f6r\u00fcnt\u00fcleri, sosyal medyada payla\u015f\u0131ld\u0131. G\u00f6r\u00fcnt\u00fcn\u00fcn internete d\u00fc\u015fmesinin ard\u0131ndan hayvanseverler, olaya b\u00fcy\u00fck tepki g\u00f6sterdi. Savc\u0131l\u0131k, g\u00f6r\u00fcnt\u00fclerle ilgili inceleme ba\u015flatt\u0131. Jandarma ekipleri, baz\u0131 ki\u015filerin ifadesine ba\u015fvururken, k\u00f6pe\u011fi \u00f6ld\u00fcrd\u00fc\u011f\u00fc iddia edilen B.&#8217;nin firari oldu\u011fu belirtildi. \u0130fadesi al\u0131nmak \u00fczere hakk\u0131nda yakalama karar\u0131 \u00e7\u0131kar\u0131lan B.&#8217;yle ilgili soru\u015fturma devam ederken, Bitlis&#8217;teki hayvan haklar\u0131 temsilcileri de olay\u0131n ya\u015fand\u0131\u011f\u0131 k\u00f6ye gitti.<\/p>\n<p><strong>HAYTAP&#8217;TAN TEPK\u0130: ADALET\u0130N KAR\u015eISINA \u00c7IKARILMASINI \u0130ST\u0130YORUZ<\/strong><\/p>\n<p>\u0130\u015fkenceye maruz kalan yavru k\u00f6pe\u011fin \u00f6ld\u00fc\u011f\u00fcn\u00fc \u00f6\u011frenince b\u00fcy\u00fck \u00fcz\u00fcnt\u00fc ya\u015fayan Hayvan Haklar\u0131 Federasyonu (HAYTAP) Bitlis Temsilcisi Dr. Damla \u015eahin, olayla ilgili \u015funlar\u0131 s\u00f6yledi:<\/p>\n<p><img decoding=\"async\" class=\"alignnone size-full wp-image-2239\" src=\"https:\/\/www.petlican.com\/blog\/wp-content\/uploads\/2017\/10\/yavru-kopege-tekme.jpg\" alt=\"\" width=\"940\" height=\"531\" srcset=\"https:\/\/www.petlican.com\/blog\/wp-content\/uploads\/2017\/10\/yavru-kopege-tekme.jpg 940w, https:\/\/www.petlican.com\/blog\/wp-content\/uploads\/2017\/10\/yavru-kopege-tekme-600x339.jpg 600w, https:\/\/www.petlican.com\/blog\/wp-content\/uploads\/2017\/10\/yavru-kopege-tekme-300x169.jpg 300w, https:\/\/www.petlican.com\/blog\/wp-content\/uploads\/2017\/10\/yavru-kopege-tekme-768x434.jpg 768w, https:\/\/www.petlican.com\/blog\/wp-content\/uploads\/2017\/10\/yavru-kopege-tekme-545x308.jpg 545w\" sizes=\"(max-width: 940px) 100vw, 940px\" \/><\/p>\n<p>&#8220;Yakla\u015f\u0131k 1 ay \u00f6nce meydana gelen bu olay, hemen okulun bah\u00e7e duvar\u0131n\u0131n yan\u0131nda yap\u0131lm\u0131\u015f. O yavru k\u00f6pe\u011fi ac\u0131mazs\u0131zca tekmeleyen, maalesef g\u00fc\u00e7leri yetti\u011fi zaman kad\u0131n, \u00e7ocuk ve ya\u015fl\u0131lara da ayn\u0131s\u0131n\u0131 yapabiliyor. Sosyal medyada b\u00fcy\u00fck yank\u0131 uyand\u0131ran, insanlar\u0131n vicdanlar\u0131n\u0131 s\u0131zlatan g\u00f6r\u00fcnt\u00fcler \u015fu anda bulundu\u011fumuz yerde ya\u015fanm\u0131\u015f. K\u00f6yde yapt\u0131\u011f\u0131m\u0131z ara\u015ft\u0131rma sonucu olay\u0131n yakla\u015f\u0131k 1 ay \u00f6nce oldu\u011fu ve k\u00f6pe\u011fin ayn\u0131 g\u00fcn \u00f6ld\u00fc\u011f\u00fc sonucuna ula\u015ft\u0131k. Hepimiz \u00e7ok \u00fcz\u00fcld\u00fck, inan\u0131lmaz bir kayg\u0131 ya\u015fad\u0131k. Burada ya\u015fayan \u00e7ocuklar ad\u0131na da kayg\u0131land\u0131k. Umar\u0131m bir daha ne bu k\u00f6yde ne de ba\u015fka bir yerde b\u00f6yle \u015feyler ya\u015fanmaz. Osman Ba\u015fak&#8217;\u0131n da bir an evvel yakalan\u0131p adaletin kar\u015f\u0131s\u0131na \u00e7\u0131kar\u0131lmas\u0131n\u0131 istiyoruz.&#8221;<\/p>\n<p>\u00d6te yandan O. B.&#8217;nin e\u015fi ve baz\u0131 k\u00f6yl\u00fcler, Hayvan Haklar\u0131 Federasyonu g\u00f6revlileri ve bas\u0131n mensuplar\u0131na tepki g\u00f6sterdi.<\/p>\n","protected":false},"excerpt":{"rendered":"<p>Orman ve Su \u0130\u015fleri A\u011fr\u0131 \u015eube M\u00fcd\u00fcrl\u00fc\u011f\u00fc, Do\u011fubayaz\u0131t il\u00e7esinde yavru k\u00f6pe\u011fi tekmeleyerek \u00f6ld\u00fcren ki\u015fiye, sadece 546 lira para cezas\u0131 uygulad\u0131.<\/p>\n","protected":false},"author":1,"featured_media":2239,"comment_status":"open","ping_status":"open","sticky":false,"template":"","format":"standard","meta":[],"categories":[309],"tags":[406,408,407],"yoast_head":"<!-- This site is optimized with the Yoast SEO plugin v20.4 - https:\/\/yoast.com\/wordpress\/plugins\/seo\/ -->\n<title>Yavru K\u00f6pe\u011fi Tekmeyle \u00d6ld\u00fcrene 546TL Ceza Verildi! - Petlican.com<\/title>\n<meta name=\"robots\" content=\"index, follow, max-snippet:-1, max-image-preview:large, max-video-preview:-1\" \/>\n<link rel=\"canonical\" href=\"https:\/\/www.petlican.com\/blog\/gundem\/yavru-kopegi-tekmeyle-oldurene-546tl-ceza-verildi\/\" \/>\n<meta property=\"og:locale\" content=\"tr_TR\" \/>\n<meta property=\"og:type\" content=\"article\" \/>\n<meta property=\"og:title\" content=\"Yavru K\u00f6pe\u011fi Tekmeyle \u00d6ld\u00fcrene 546TL Ceza Verildi! - Petlican.com\" \/>\n<meta property=\"og:description\" content=\"Orman ve Su \u0130\u015fleri A\u011fr\u0131 \u015eube M\u00fcd\u00fcrl\u00fc\u011f\u00fc, Do\u011fubayaz\u0131t il\u00e7esinde yavru k\u00f6pe\u011fi tekmeleyerek \u00f6ld\u00fcren ki\u015fiye, sadece 546 lira para cezas\u0131 uygulad\u0131.\" \/>\n<meta property=\"og:url\" content=\"https:\/\/www.petlican.com\/blog\/gundem\/yavru-kopegi-tekmeyle-oldurene-546tl-ceza-verildi\/\" \/>\n<meta property=\"og:site_name\" content=\"Petlican.com\" \/>\n<meta property=\"article:publisher\" content=\"https:\/\/www.facebook.com\/petlican\/\" \/>\n<meta property=\"article:published_time\" content=\"2017-10-10T07:26:49+00:00\" \/>\n<meta property=\"article:modified_time\" content=\"2017-10-10T12:34:13+00:00\" \/>\n<meta property=\"og:image\" content=\"https:\/\/www.petlican.com\/blog\/wp-content\/uploads\/2017\/10\/yavru-kopege-tekme.jpg\" \/>\n\t<meta property=\"og:image:width\" content=\"940\" \/>\n\t<meta property=\"og:image:height\" content=\"531\" \/>\n\t<meta property=\"og:image:type\" content=\"image\/jpeg\" \/>\n<meta name=\"author\" content=\"\u0130\u00e7erik Ekibi\" \/>\n<meta name=\"twitter:card\" content=\"summary_large_image\" \/>\n<meta name=\"twitter:creator\" content=\"@petlican\" \/>\n<meta name=\"twitter:site\" content=\"@petlican\" \/>\n<meta name=\"twitter:label1\" content=\"Yazan:\" \/>\n\t<meta name=\"twitter:data1\" content=\"\u0130\u00e7erik Ekibi\" \/>\n\t<meta name=\"twitter:label2\" content=\"Tahmini okuma s\u00fcresi\" \/>\n\t<meta name=\"twitter:data2\" content=\"2 dakika\" \/>\n<script type=\"application\/ld+json\" class=\"yoast-schema-graph\">{\"@context\":\"https:\/\/schema.org\",\"@graph\":[{\"@type\":\"WebPage\",\"@id\":\"https:\/\/www.petlican.com\/blog\/gundem\/yavru-kopegi-tekmeyle-oldurene-546tl-ceza-verildi\/\",\"url\":\"https:\/\/www.petlican.com\/blog\/gundem\/yavru-kopegi-tekmeyle-oldurene-546tl-ceza-verildi\/\",\"name\":\"Yavru K\u00f6pe\u011fi Tekmeyle \u00d6ld\u00fcrene 546TL Ceza Verildi! - Petlican.com\",\"isPartOf\":{\"@id\":\"https:\/\/www.petlican.com\/blog\/#website\"},\"datePublished\":\"2017-10-10T07:26:49+00:00\",\"dateModified\":\"2017-10-10T12:34:13+00:00\",\"author\":{\"@id\":\"https:\/\/www.petlican.com\/blog\/#\/schema\/person\/bb554801d1236f339af9f6906b9c339a\"},\"breadcrumb\":{\"@id\":\"https:\/\/www.petlican.com\/blog\/gundem\/yavru-kopegi-tekmeyle-oldurene-546tl-ceza-verildi\/#breadcrumb\"},\"inLanguage\":\"tr\",\"potentialAction\":[{\"@type\":\"ReadAction\",\"target\":[\"https:\/\/www.petlican.com\/blog\/gundem\/yavru-kopegi-tekmeyle-oldurene-546tl-ceza-verildi\/\"]}]},{\"@type\":\"BreadcrumbList\",\"@id\":\"https:\/\/www.petlican.com\/blog\/gundem\/yavru-kopegi-tekmeyle-oldurene-546tl-ceza-verildi\/#breadcrumb\",\"itemListElement\":[{\"@type\":\"ListItem\",\"position\":1,\"name\":\"Ana sayfa\",\"item\":\"https:\/\/www.petlican.com\/blog\/\"},{\"@type\":\"ListItem\",\"position\":2,\"name\":\"Yavru K\u00f6pe\u011fi Tekmeyle \u00d6ld\u00fcrene 546TL Ceza Verildi!\"}]},{\"@type\":\"WebSite\",\"@id\":\"https:\/\/www.petlican.com\/blog\/#website\",\"url\":\"https:\/\/www.petlican.com\/blog\/\",\"name\":\"Petlican.com\",\"description\":\"\",\"potentialAction\":[{\"@type\":\"SearchAction\",\"target\":{\"@type\":\"EntryPoint\",\"urlTemplate\":\"https:\/\/www.petlican.com\/blog\/?s={search_term_string}\"},\"query-input\":\"required name=search_term_string\"}],\"inLanguage\":\"tr\"},{\"@type\":\"Person\",\"@id\":\"https:\/\/www.petlican.com\/blog\/#\/schema\/person\/bb554801d1236f339af9f6906b9c339a\",\"name\":\"\u0130\u00e7erik Ekibi\",\"image\":{\"@type\":\"ImageObject\",\"inLanguage\":\"tr\",\"@id\":\"https:\/\/www.petlican.com\/blog\/#\/schema\/person\/image\/\",\"url\":\"https:\/\/www.petlican.com\/blog\/wp-content\/uploads\/avatars\/1\/59b69f55883e5-bpfull.jpg\",\"contentUrl\":\"https:\/\/www.petlican.com\/blog\/wp-content\/uploads\/avatars\/1\/59b69f55883e5-bpfull.jpg\",\"caption\":\"\u0130\u00e7erik Ekibi\"}}]}<\/script>\n<!-- \/ Yoast SEO plugin. -->","yoast_head_json":{"title":"Yavru K\u00f6pe\u011fi Tekmeyle \u00d6ld\u00fcrene 546TL Ceza Verildi! - Petlican.com","robots":{"index":"index","follow":"follow","max-snippet":"max-snippet:-1","max-image-preview":"max-image-preview:large","max-video-preview":"max-video-preview:-1"},"canonical":"https:\/\/www.petlican.com\/blog\/gundem\/yavru-kopegi-tekmeyle-oldurene-546tl-ceza-verildi\/","og_locale":"tr_TR","og_type":"article","og_title":"Yavru K\u00f6pe\u011fi Tekmeyle \u00d6ld\u00fcrene 546TL Ceza Verildi! - Petlican.com","og_description":"Orman ve Su \u0130\u015fleri A\u011fr\u0131 \u015eube M\u00fcd\u00fcrl\u00fc\u011f\u00fc, Do\u011fubayaz\u0131t il\u00e7esinde yavru k\u00f6pe\u011fi tekmeleyerek \u00f6ld\u00fcren ki\u015fiye, sadece 546 lira para cezas\u0131 uygulad\u0131.","og_url":"https:\/\/www.petlican.com\/blog\/gundem\/yavru-kopegi-tekmeyle-oldurene-546tl-ceza-verildi\/","og_site_name":"Petlican.com","article_publisher":"https:\/\/www.facebook.com\/petlican\/","article_published_time":"2017-10-10T07:26:49+00:00","article_modified_time":"2017-10-10T12:34:13+00:00","og_image":[{"width":940,"height":531,"url":"https:\/\/www.petlican.com\/blog\/wp-content\/uploads\/2017\/10\/yavru-kopege-tekme.jpg","type":"image\/jpeg"}],"author":"\u0130\u00e7erik Ekibi","twitter_card":"summary_large_image","twitter_creator":"@petlican","twitter_site":"@petlican","twitter_misc":{"Yazan:":"\u0130\u00e7erik Ekibi","Tahmini okuma s\u00fcresi":"2 dakika"},"schema":{"@context":"https:\/\/schema.org","@graph":[{"@type":"WebPage","@id":"https:\/\/www.petlican.com\/blog\/gundem\/yavru-kopegi-tekmeyle-oldurene-546tl-ceza-verildi\/","url":"https:\/\/www.petlican.com\/blog\/gundem\/yavru-kopegi-tekmeyle-oldurene-546tl-ceza-verildi\/","name":"Yavru K\u00f6pe\u011fi Tekmeyle \u00d6ld\u00fcrene 546TL Ceza Verildi! - Petlican.com","isPartOf":{"@id":"https:\/\/www.petlican.com\/blog\/#website"},"datePublished":"2017-10-10T07:26:49+00:00","dateModified":"2017-10-10T12:34:13+00:00","author":{"@id":"https:\/\/www.petlican.com\/blog\/#\/schema\/person\/bb554801d1236f339af9f6906b9c339a"},"breadcrumb":{"@id":"https:\/\/www.petlican.com\/blog\/gundem\/yavru-kopegi-tekmeyle-oldurene-546tl-ceza-verildi\/#breadcrumb"},"inLanguage":"tr","potentialAction":[{"@type":"ReadAction","target":["https:\/\/www.petlican.com\/blog\/gundem\/yavru-kopegi-tekmeyle-oldurene-546tl-ceza-verildi\/"]}]},{"@type":"BreadcrumbList","@id":"https:\/\/www.petlican.com\/blog\/gundem\/yavru-kopegi-tekmeyle-oldurene-546tl-ceza-verildi\/#breadcrumb","itemListElement":[{"@type":"ListItem","position":1,"name":"Ana sayfa","item":"https:\/\/www.petlican.com\/blog\/"},{"@type":"ListItem","position":2,"name":"Yavru K\u00f6pe\u011fi Tekmeyle \u00d6ld\u00fcrene 546TL Ceza Verildi!"}]},{"@type":"WebSite","@id":"https:\/\/www.petlican.com\/blog\/#website","url":"https:\/\/www.petlican.com\/blog\/","name":"Petlican.com","description":"","potentialAction":[{"@type":"SearchAction","target":{"@type":"EntryPoint","urlTemplate":"https:\/\/www.petlican.com\/blog\/?s={search_term_string}"},"query-input":"required name=search_term_string"}],"inLanguage":"tr"},{"@type":"Person","@id":"https:\/\/www.petlican.com\/blog\/#\/schema\/person\/bb554801d1236f339af9f6906b9c339a","name":"\u0130\u00e7erik Ekibi","image":{"@type":"ImageObject","inLanguage":"tr","@id":"https:\/\/www.petlican.com\/blog\/#\/schema\/person\/image\/","url":"https:\/\/www.petlican.com\/blog\/wp-content\/uploads\/avatars\/1\/59b69f55883e5-bpfull.jpg","contentUrl":"https:\/\/www.petlican.com\/blog\/wp-content\/uploads\/avatars\/1\/59b69f55883e5-bpfull.jpg","caption":"\u0130\u00e7erik Ekibi"}}]}},"_links":{"self":[{"href":"https:\/\/www.petlican.com\/blog\/wp-json\/wp\/v2\/posts\/2238"}],"collection":[{"href":"https:\/\/www.petlican.com\/blog\/wp-json\/wp\/v2\/posts"}],"about":[{"href":"https:\/\/www.petlican.com\/blog\/wp-json\/wp\/v2\/types\/post"}],"author":[{"embeddable":true,"href":"https:\/\/www.petlican.com\/blog\/wp-json\/wp\/v2\/users\/1"}],"replies":[{"embeddable":true,"href":"https:\/\/www.petlican.com\/blog\/wp-json\/wp\/v2\/comments?post=2238"}],"version-history":[{"count":0,"href":"https:\/\/www.petlican.com\/blog\/wp-json\/wp\/v2\/posts\/2238\/revisions"}],"wp:featuredmedia":[{"embeddable":true,"href":"https:\/\/www.petlican.com\/blog\/wp-json\/wp\/v2\/media\/2239"}],"wp:attachment":[{"href":"https:\/\/www.petlican.com\/blog\/wp-json\/wp\/v2\/media?parent=2238"}],"wp:term":[{"taxonomy":"category","embeddable":true,"href":"https:\/\/www.petlican.com\/blog\/wp-json\/wp\/v2\/categories?post=2238"},{"taxonomy":"post_tag","embeddable":true,"href":"https:\/\/www.petlican.com\/blog\/wp-json\/wp\/v2\/tags?post=2238"}],"curies":[{"name":"wp","href":"https:\/\/api.w.org\/{rel}","templated":true}]}}