{"id":1819,"date":"2017-09-18T11:11:19","date_gmt":"2017-09-18T08:11:19","guid":{"rendered":"https:\/\/www.petlican.com\/blog\/?p=1819"},"modified":"2017-09-29T10:51:24","modified_gmt":"2017-09-29T07:51:24","slug":"suriyede-savasa-ragmen-kedilere-sahip-cikan-adam","status":"publish","type":"post","link":"https:\/\/www.petlican.com\/blog\/dunyadan\/suriyede-savasa-ragmen-kedilere-sahip-cikan-adam\/","title":{"rendered":"Suriye&#8217;de Sava\u015fa Ra\u011fmen Kedilere Sahip \u00c7\u0131kan Adam"},"content":{"rendered":"<p>Daha \u00e7ok &#8220;Kedi Adam&#8221; ismiyle bilinen Mohammad Alaa Aljaleel Suriye&#8217;de sava\u015f y\u00fcz\u00fcnden terk edilmi\u015f \u015fehirdeki kedilerle birlikte ya\u015f\u0131yor.<\/p>\n<p><img decoding=\"async\" class=\"aligncenter wp-image-1820 size-full\" src=\"https:\/\/www.petlican.com\/blog\/wp-content\/uploads\/2017\/09\/20-kediyle-baslamis-ve-100-un-uzerinde-kedisi-var.jpg\" alt=\"\" width=\"780\" height=\"439\" srcset=\"https:\/\/www.petlican.com\/blog\/wp-content\/uploads\/2017\/09\/20-kediyle-baslamis-ve-100-un-uzerinde-kedisi-var.jpg 780w, https:\/\/www.petlican.com\/blog\/wp-content\/uploads\/2017\/09\/20-kediyle-baslamis-ve-100-un-uzerinde-kedisi-var-600x338.jpg 600w, https:\/\/www.petlican.com\/blog\/wp-content\/uploads\/2017\/09\/20-kediyle-baslamis-ve-100-un-uzerinde-kedisi-var-300x169.jpg 300w, https:\/\/www.petlican.com\/blog\/wp-content\/uploads\/2017\/09\/20-kediyle-baslamis-ve-100-un-uzerinde-kedisi-var-768x432.jpg 768w, https:\/\/www.petlican.com\/blog\/wp-content\/uploads\/2017\/09\/20-kediyle-baslamis-ve-100-un-uzerinde-kedisi-var-545x307.jpg 545w\" sizes=\"(max-width: 780px) 100vw, 780px\" \/><\/p>\n<p>Mohammad, Suriye&#8217;nin Halep \u015fehrinde kedilerle birlikte ya\u015f\u0131yor, onlar\u0131 besliyor ve onlarla ilgileniyor.<\/p>\n<p>\u00c7\u0131kan sava\u015f y\u00fcz\u00fcnden t\u00fcm akrabalar\u0131 \u015fehri terketmek zorunda kalan\u00a0Mohammad kedileri bir araya toplayarak onlara bir bar\u0131nak yapm\u0131\u015f. 20 kediyle ba\u015flayan bu ser\u00fcven her g\u00fcn artarak devam etmi\u015f ve k\u0131sa s\u00fcrede y\u00fczlerce kediye ula\u015fm\u0131\u015f.<\/p>\n<p><img decoding=\"async\" class=\"aligncenter wp-image-1821 size-full\" src=\"https:\/\/www.petlican.com\/blog\/wp-content\/uploads\/2017\/09\/akrabalari-savas-yuzunden-sehri-terketmek-zorunda-kalmis.jpg\" alt=\"\" width=\"780\" height=\"438\" srcset=\"https:\/\/www.petlican.com\/blog\/wp-content\/uploads\/2017\/09\/akrabalari-savas-yuzunden-sehri-terketmek-zorunda-kalmis.jpg 780w, https:\/\/www.petlican.com\/blog\/wp-content\/uploads\/2017\/09\/akrabalari-savas-yuzunden-sehri-terketmek-zorunda-kalmis-600x337.jpg 600w, https:\/\/www.petlican.com\/blog\/wp-content\/uploads\/2017\/09\/akrabalari-savas-yuzunden-sehri-terketmek-zorunda-kalmis-300x168.jpg 300w, https:\/\/www.petlican.com\/blog\/wp-content\/uploads\/2017\/09\/akrabalari-savas-yuzunden-sehri-terketmek-zorunda-kalmis-768x431.jpg 768w, https:\/\/www.petlican.com\/blog\/wp-content\/uploads\/2017\/09\/akrabalari-savas-yuzunden-sehri-terketmek-zorunda-kalmis-545x306.jpg 545w\" sizes=\"(max-width: 780px) 100vw, 780px\" \/><\/p>\n<p>Hatta baz\u0131 insanlar \u015fehri terk ederken kedilerini kendisine emanet etmi\u015f.<\/p>\n<p><img decoding=\"async\" class=\"aligncenter wp-image-1822 size-full\" src=\"https:\/\/www.petlican.com\/blog\/wp-content\/uploads\/2017\/09\/savasa-ragmen-kedilere-bakmaya-devam-eden-vefali-adam_780x519.jpg\" alt=\"\" width=\"780\" height=\"519\" srcset=\"https:\/\/www.petlican.com\/blog\/wp-content\/uploads\/2017\/09\/savasa-ragmen-kedilere-bakmaya-devam-eden-vefali-adam_780x519.jpg 780w, https:\/\/www.petlican.com\/blog\/wp-content\/uploads\/2017\/09\/savasa-ragmen-kedilere-bakmaya-devam-eden-vefali-adam_780x519-600x399.jpg 600w, https:\/\/www.petlican.com\/blog\/wp-content\/uploads\/2017\/09\/savasa-ragmen-kedilere-bakmaya-devam-eden-vefali-adam_780x519-300x200.jpg 300w, https:\/\/www.petlican.com\/blog\/wp-content\/uploads\/2017\/09\/savasa-ragmen-kedilere-bakmaya-devam-eden-vefali-adam_780x519-768x511.jpg 768w, https:\/\/www.petlican.com\/blog\/wp-content\/uploads\/2017\/09\/savasa-ragmen-kedilere-bakmaya-devam-eden-vefali-adam_780x519-545x363.jpg 545w\" sizes=\"(max-width: 780px) 100vw, 780px\" \/><\/p>\n","protected":false},"excerpt":{"rendered":"<p>Daha \u00e7ok &#8220;Kedi Adam&#8221; ismiyle bilinen Mohammad Alaa Aljaleel Suriye&#8217;de sava\u015f y\u00fcz\u00fcnden terk edilmi\u015f \u015fehirdeki kedilerle birlikte ya\u015f\u0131yor. Mohammad, Suriye&#8217;nin Halep \u015fehrinde kedilerle birlikte ya\u015f\u0131yor, onlar\u0131 besliyor ve onlarla ilgileniyor. \u00c7\u0131kan sava\u015f y\u00fcz\u00fcnden t\u00fcm akrabalar\u0131 \u015fehri terketmek zorunda kalan\u00a0Mohammad kedileri bir araya toplayarak onlara bir bar\u0131nak yapm\u0131\u015f. 20 kediyle ba\u015flayan bu ser\u00fcven her g\u00fcn artarak&#8230;<\/p>\n","protected":false},"author":1,"featured_media":1822,"comment_status":"open","ping_status":"open","sticky":false,"template":"","format":"standard","meta":[],"categories":[308],"tags":[323,325,326,324],"yoast_head":"<!-- This site is optimized with the Yoast SEO plugin v20.4 - https:\/\/yoast.com\/wordpress\/plugins\/seo\/ -->\n<title>Suriye&#039;de Sava\u015fa Ra\u011fmen Kedilere Sahip \u00c7\u0131kan Adam - Petlican.com<\/title>\n<meta name=\"robots\" content=\"index, follow, max-snippet:-1, max-image-preview:large, max-video-preview:-1\" \/>\n<link rel=\"canonical\" href=\"https:\/\/www.petlican.com\/blog\/dunyadan\/suriyede-savasa-ragmen-kedilere-sahip-cikan-adam\/\" \/>\n<meta property=\"og:locale\" content=\"tr_TR\" \/>\n<meta property=\"og:type\" content=\"article\" \/>\n<meta property=\"og:title\" content=\"Suriye&#039;de Sava\u015fa Ra\u011fmen Kedilere Sahip \u00c7\u0131kan Adam - Petlican.com\" \/>\n<meta property=\"og:description\" content=\"Daha \u00e7ok &#8220;Kedi Adam&#8221; ismiyle bilinen Mohammad Alaa Aljaleel Suriye&#8217;de sava\u015f y\u00fcz\u00fcnden terk edilmi\u015f \u015fehirdeki kedilerle birlikte ya\u015f\u0131yor. Mohammad, Suriye&#8217;nin Halep \u015fehrinde kedilerle birlikte ya\u015f\u0131yor, onlar\u0131 besliyor ve onlarla ilgileniyor. \u00c7\u0131kan sava\u015f y\u00fcz\u00fcnden t\u00fcm akrabalar\u0131 \u015fehri terketmek zorunda kalan\u00a0Mohammad kedileri bir araya toplayarak onlara bir bar\u0131nak yapm\u0131\u015f. 20 kediyle ba\u015flayan bu ser\u00fcven her g\u00fcn artarak...\" \/>\n<meta property=\"og:url\" content=\"https:\/\/www.petlican.com\/blog\/dunyadan\/suriyede-savasa-ragmen-kedilere-sahip-cikan-adam\/\" \/>\n<meta property=\"og:site_name\" content=\"Petlican.com\" \/>\n<meta property=\"article:publisher\" content=\"https:\/\/www.facebook.com\/petlican\/\" \/>\n<meta property=\"article:published_time\" content=\"2017-09-18T08:11:19+00:00\" \/>\n<meta property=\"article:modified_time\" content=\"2017-09-29T07:51:24+00:00\" \/>\n<meta property=\"og:image\" content=\"https:\/\/www.petlican.com\/blog\/wp-content\/uploads\/2017\/09\/savasa-ragmen-kedilere-bakmaya-devam-eden-vefali-adam_780x519.jpg\" \/>\n\t<meta property=\"og:image:width\" content=\"780\" \/>\n\t<meta property=\"og:image:height\" content=\"519\" \/>\n\t<meta property=\"og:image:type\" content=\"image\/jpeg\" \/>\n<meta name=\"author\" content=\"\u0130\u00e7erik Ekibi\" \/>\n<meta name=\"twitter:card\" content=\"summary_large_image\" \/>\n<meta name=\"twitter:creator\" content=\"@petlican\" \/>\n<meta name=\"twitter:site\" content=\"@petlican\" \/>\n<meta name=\"twitter:label1\" content=\"Yazan:\" \/>\n\t<meta name=\"twitter:data1\" content=\"\u0130\u00e7erik Ekibi\" \/>\n<script type=\"application\/ld+json\" class=\"yoast-schema-graph\">{\"@context\":\"https:\/\/schema.org\",\"@graph\":[{\"@type\":\"WebPage\",\"@id\":\"https:\/\/www.petlican.com\/blog\/dunyadan\/suriyede-savasa-ragmen-kedilere-sahip-cikan-adam\/\",\"url\":\"https:\/\/www.petlican.com\/blog\/dunyadan\/suriyede-savasa-ragmen-kedilere-sahip-cikan-adam\/\",\"name\":\"Suriye'de Sava\u015fa Ra\u011fmen Kedilere Sahip \u00c7\u0131kan Adam - Petlican.com\",\"isPartOf\":{\"@id\":\"https:\/\/www.petlican.com\/blog\/#website\"},\"datePublished\":\"2017-09-18T08:11:19+00:00\",\"dateModified\":\"2017-09-29T07:51:24+00:00\",\"author\":{\"@id\":\"https:\/\/www.petlican.com\/blog\/#\/schema\/person\/bb554801d1236f339af9f6906b9c339a\"},\"breadcrumb\":{\"@id\":\"https:\/\/www.petlican.com\/blog\/dunyadan\/suriyede-savasa-ragmen-kedilere-sahip-cikan-adam\/#breadcrumb\"},\"inLanguage\":\"tr\",\"potentialAction\":[{\"@type\":\"ReadAction\",\"target\":[\"https:\/\/www.petlican.com\/blog\/dunyadan\/suriyede-savasa-ragmen-kedilere-sahip-cikan-adam\/\"]}]},{\"@type\":\"BreadcrumbList\",\"@id\":\"https:\/\/www.petlican.com\/blog\/dunyadan\/suriyede-savasa-ragmen-kedilere-sahip-cikan-adam\/#breadcrumb\",\"itemListElement\":[{\"@type\":\"ListItem\",\"position\":1,\"name\":\"Ana sayfa\",\"item\":\"https:\/\/www.petlican.com\/blog\/\"},{\"@type\":\"ListItem\",\"position\":2,\"name\":\"Suriye&#8217;de Sava\u015fa Ra\u011fmen Kedilere Sahip \u00c7\u0131kan Adam\"}]},{\"@type\":\"WebSite\",\"@id\":\"https:\/\/www.petlican.com\/blog\/#website\",\"url\":\"https:\/\/www.petlican.com\/blog\/\",\"name\":\"Petlican.com\",\"description\":\"\",\"potentialAction\":[{\"@type\":\"SearchAction\",\"target\":{\"@type\":\"EntryPoint\",\"urlTemplate\":\"https:\/\/www.petlican.com\/blog\/?s={search_term_string}\"},\"query-input\":\"required name=search_term_string\"}],\"inLanguage\":\"tr\"},{\"@type\":\"Person\",\"@id\":\"https:\/\/www.petlican.com\/blog\/#\/schema\/person\/bb554801d1236f339af9f6906b9c339a\",\"name\":\"\u0130\u00e7erik Ekibi\",\"image\":{\"@type\":\"ImageObject\",\"inLanguage\":\"tr\",\"@id\":\"https:\/\/www.petlican.com\/blog\/#\/schema\/person\/image\/\",\"url\":\"https:\/\/www.petlican.com\/blog\/wp-content\/uploads\/avatars\/1\/59b69f55883e5-bpfull.jpg\",\"contentUrl\":\"https:\/\/www.petlican.com\/blog\/wp-content\/uploads\/avatars\/1\/59b69f55883e5-bpfull.jpg\",\"caption\":\"\u0130\u00e7erik Ekibi\"}}]}<\/script>\n<!-- \/ Yoast SEO plugin. -->","yoast_head_json":{"title":"Suriye'de Sava\u015fa Ra\u011fmen Kedilere Sahip \u00c7\u0131kan Adam - Petlican.com","robots":{"index":"index","follow":"follow","max-snippet":"max-snippet:-1","max-image-preview":"max-image-preview:large","max-video-preview":"max-video-preview:-1"},"canonical":"https:\/\/www.petlican.com\/blog\/dunyadan\/suriyede-savasa-ragmen-kedilere-sahip-cikan-adam\/","og_locale":"tr_TR","og_type":"article","og_title":"Suriye'de Sava\u015fa Ra\u011fmen Kedilere Sahip \u00c7\u0131kan Adam - Petlican.com","og_description":"Daha \u00e7ok &#8220;Kedi Adam&#8221; ismiyle bilinen Mohammad Alaa Aljaleel Suriye&#8217;de sava\u015f y\u00fcz\u00fcnden terk edilmi\u015f \u015fehirdeki kedilerle birlikte ya\u015f\u0131yor. Mohammad, Suriye&#8217;nin Halep \u015fehrinde kedilerle birlikte ya\u015f\u0131yor, onlar\u0131 besliyor ve onlarla ilgileniyor. \u00c7\u0131kan sava\u015f y\u00fcz\u00fcnden t\u00fcm akrabalar\u0131 \u015fehri terketmek zorunda kalan\u00a0Mohammad kedileri bir araya toplayarak onlara bir bar\u0131nak yapm\u0131\u015f. 20 kediyle ba\u015flayan bu ser\u00fcven her g\u00fcn artarak...","og_url":"https:\/\/www.petlican.com\/blog\/dunyadan\/suriyede-savasa-ragmen-kedilere-sahip-cikan-adam\/","og_site_name":"Petlican.com","article_publisher":"https:\/\/www.facebook.com\/petlican\/","article_published_time":"2017-09-18T08:11:19+00:00","article_modified_time":"2017-09-29T07:51:24+00:00","og_image":[{"width":780,"height":519,"url":"https:\/\/www.petlican.com\/blog\/wp-content\/uploads\/2017\/09\/savasa-ragmen-kedilere-bakmaya-devam-eden-vefali-adam_780x519.jpg","type":"image\/jpeg"}],"author":"\u0130\u00e7erik Ekibi","twitter_card":"summary_large_image","twitter_creator":"@petlican","twitter_site":"@petlican","twitter_misc":{"Yazan:":"\u0130\u00e7erik Ekibi"},"schema":{"@context":"https:\/\/schema.org","@graph":[{"@type":"WebPage","@id":"https:\/\/www.petlican.com\/blog\/dunyadan\/suriyede-savasa-ragmen-kedilere-sahip-cikan-adam\/","url":"https:\/\/www.petlican.com\/blog\/dunyadan\/suriyede-savasa-ragmen-kedilere-sahip-cikan-adam\/","name":"Suriye'de Sava\u015fa Ra\u011fmen Kedilere Sahip \u00c7\u0131kan Adam - Petlican.com","isPartOf":{"@id":"https:\/\/www.petlican.com\/blog\/#website"},"datePublished":"2017-09-18T08:11:19+00:00","dateModified":"2017-09-29T07:51:24+00:00","author":{"@id":"https:\/\/www.petlican.com\/blog\/#\/schema\/person\/bb554801d1236f339af9f6906b9c339a"},"breadcrumb":{"@id":"https:\/\/www.petlican.com\/blog\/dunyadan\/suriyede-savasa-ragmen-kedilere-sahip-cikan-adam\/#breadcrumb"},"inLanguage":"tr","potentialAction":[{"@type":"ReadAction","target":["https:\/\/www.petlican.com\/blog\/dunyadan\/suriyede-savasa-ragmen-kedilere-sahip-cikan-adam\/"]}]},{"@type":"BreadcrumbList","@id":"https:\/\/www.petlican.com\/blog\/dunyadan\/suriyede-savasa-ragmen-kedilere-sahip-cikan-adam\/#breadcrumb","itemListElement":[{"@type":"ListItem","position":1,"name":"Ana sayfa","item":"https:\/\/www.petlican.com\/blog\/"},{"@type":"ListItem","position":2,"name":"Suriye&#8217;de Sava\u015fa Ra\u011fmen Kedilere Sahip \u00c7\u0131kan Adam"}]},{"@type":"WebSite","@id":"https:\/\/www.petlican.com\/blog\/#website","url":"https:\/\/www.petlican.com\/blog\/","name":"Petlican.com","description":"","potentialAction":[{"@type":"SearchAction","target":{"@type":"EntryPoint","urlTemplate":"https:\/\/www.petlican.com\/blog\/?s={search_term_string}"},"query-input":"required name=search_term_string"}],"inLanguage":"tr"},{"@type":"Person","@id":"https:\/\/www.petlican.com\/blog\/#\/schema\/person\/bb554801d1236f339af9f6906b9c339a","name":"\u0130\u00e7erik Ekibi","image":{"@type":"ImageObject","inLanguage":"tr","@id":"https:\/\/www.petlican.com\/blog\/#\/schema\/person\/image\/","url":"https:\/\/www.petlican.com\/blog\/wp-content\/uploads\/avatars\/1\/59b69f55883e5-bpfull.jpg","contentUrl":"https:\/\/www.petlican.com\/blog\/wp-content\/uploads\/avatars\/1\/59b69f55883e5-bpfull.jpg","caption":"\u0130\u00e7erik Ekibi"}}]}},"_links":{"self":[{"href":"https:\/\/www.petlican.com\/blog\/wp-json\/wp\/v2\/posts\/1819"}],"collection":[{"href":"https:\/\/www.petlican.com\/blog\/wp-json\/wp\/v2\/posts"}],"about":[{"href":"https:\/\/www.petlican.com\/blog\/wp-json\/wp\/v2\/types\/post"}],"author":[{"embeddable":true,"href":"https:\/\/www.petlican.com\/blog\/wp-json\/wp\/v2\/users\/1"}],"replies":[{"embeddable":true,"href":"https:\/\/www.petlican.com\/blog\/wp-json\/wp\/v2\/comments?post=1819"}],"version-history":[{"count":0,"href":"https:\/\/www.petlican.com\/blog\/wp-json\/wp\/v2\/posts\/1819\/revisions"}],"wp:featuredmedia":[{"embeddable":true,"href":"https:\/\/www.petlican.com\/blog\/wp-json\/wp\/v2\/media\/1822"}],"wp:attachment":[{"href":"https:\/\/www.petlican.com\/blog\/wp-json\/wp\/v2\/media?parent=1819"}],"wp:term":[{"taxonomy":"category","embeddable":true,"href":"https:\/\/www.petlican.com\/blog\/wp-json\/wp\/v2\/categories?post=1819"},{"taxonomy":"post_tag","embeddable":true,"href":"https:\/\/www.petlican.com\/blog\/wp-json\/wp\/v2\/tags?post=1819"}],"curies":[{"name":"wp","href":"https:\/\/api.w.org\/{rel}","templated":true}]}}