{"id":1718,"date":"2017-09-15T13:19:11","date_gmt":"2017-09-15T10:19:11","guid":{"rendered":"https:\/\/www.petlican.com\/blog\/?p=1718"},"modified":"2017-09-29T10:51:57","modified_gmt":"2017-09-29T07:51:57","slug":"dunyanin-en-yasli-kedisi-144-yasinda-hayatini-kaybetti","status":"publish","type":"post","link":"https:\/\/www.petlican.com\/blog\/dunyadan\/dunyanin-en-yasli-kedisi-144-yasinda-hayatini-kaybetti\/","title":{"rendered":"D\u00fcnyan\u0131n En Ya\u015fl\u0131 Kedisi 144 Ya\u015f\u0131nda Hayat\u0131n\u0131 Kaybetti"},"content":{"rendered":"<p>Kedi ya\u015f\u0131na g\u00f6re 144 ya\u015f\u0131nda oldu\u011fu bilinen d\u00fcnyan\u0131n en ya\u015fl\u0131 kedisi Nutmeg 32 ya\u015f\u0131nda hayat\u0131n\u0131 kaybetti. Nutmeg&#8217;in ya\u015fl\u0131l\u0131\u011fa ba\u011fl\u0131 olarak kalp krizi ge\u00e7irmesi sonucu \u00f6ld\u00fc\u011f\u00fc \u00f6\u011frenildi.<\/p>\n<p><img decoding=\"async\" class=\"aligncenter wp-image-1720 size-full\" src=\"https:\/\/www.petlican.com\/blog\/wp-content\/uploads\/2017\/09\/yasli-kedi2.jpg\" alt=\"\" width=\"700\" height=\"511\" srcset=\"https:\/\/www.petlican.com\/blog\/wp-content\/uploads\/2017\/09\/yasli-kedi2.jpg 700w, https:\/\/www.petlican.com\/blog\/wp-content\/uploads\/2017\/09\/yasli-kedi2-600x438.jpg 600w, https:\/\/www.petlican.com\/blog\/wp-content\/uploads\/2017\/09\/yasli-kedi2-300x219.jpg 300w, https:\/\/www.petlican.com\/blog\/wp-content\/uploads\/2017\/09\/yasli-kedi2-545x398.jpg 545w\" sizes=\"(max-width: 700px) 100vw, 700px\" \/><\/p>\n<p>Hen\u00fcz 5 ya\u015f\u0131ndayken 1990 y\u0131l\u0131nda Liz ve Lan \u00e7ifti taraf\u0131ndan sahiplenen Nutmeg ge\u00e7ti\u011fimiz y\u0131l 31. ya\u015f g\u00fcn\u00fcn\u00fc pasta yiyerek kutlam\u0131\u015ft\u0131.<\/p>\n<p><img decoding=\"async\" class=\"aligncenter wp-image-1719 size-full\" src=\"https:\/\/www.petlican.com\/blog\/wp-content\/uploads\/2017\/09\/yasli-kedi.jpg\" alt=\"\" width=\"700\" height=\"431\" srcset=\"https:\/\/www.petlican.com\/blog\/wp-content\/uploads\/2017\/09\/yasli-kedi.jpg 700w, https:\/\/www.petlican.com\/blog\/wp-content\/uploads\/2017\/09\/yasli-kedi-600x369.jpg 600w, https:\/\/www.petlican.com\/blog\/wp-content\/uploads\/2017\/09\/yasli-kedi-300x185.jpg 300w, https:\/\/www.petlican.com\/blog\/wp-content\/uploads\/2017\/09\/yasli-kedi-545x336.jpg 545w, https:\/\/www.petlican.com\/blog\/wp-content\/uploads\/2017\/09\/yasli-kedi-310x190.jpg 310w\" sizes=\"(max-width: 700px) 100vw, 700px\" \/><\/p>\n","protected":false},"excerpt":{"rendered":"<p>Kedi ya\u015f\u0131na g\u00f6re 144 ya\u015f\u0131nda oldu\u011fu bilinen d\u00fcnyan\u0131n en ya\u015fl\u0131 kedisi Nutmeg 32 ya\u015f\u0131nda hayat\u0131n\u0131 kaybetti. Nutmeg&#8217;in ya\u015fl\u0131l\u0131\u011fa ba\u011fl\u0131 olarak kalp krizi ge\u00e7irmesi sonucu \u00f6ld\u00fc\u011f\u00fc \u00f6\u011frenildi. Hen\u00fcz 5 ya\u015f\u0131ndayken 1990 y\u0131l\u0131nda Liz ve Lan \u00e7ifti taraf\u0131ndan sahiplenen Nutmeg ge\u00e7ti\u011fimiz y\u0131l 31. ya\u015f g\u00fcn\u00fcn\u00fc pasta yiyerek kutlam\u0131\u015ft\u0131.<\/p>\n","protected":false},"author":1,"featured_media":1722,"comment_status":"open","ping_status":"open","sticky":false,"template":"","format":"standard","meta":[],"categories":[308],"tags":[329,330,194],"yoast_head":"<!-- This site is optimized with the Yoast SEO plugin v20.4 - https:\/\/yoast.com\/wordpress\/plugins\/seo\/ -->\n<title>D\u00fcnyan\u0131n En Ya\u015fl\u0131 Kedisi 144 Ya\u015f\u0131nda Hayat\u0131n\u0131 Kaybetti - Petlican.com<\/title>\n<meta name=\"robots\" content=\"index, follow, max-snippet:-1, max-image-preview:large, max-video-preview:-1\" \/>\n<link rel=\"canonical\" href=\"https:\/\/www.petlican.com\/blog\/dunyadan\/dunyanin-en-yasli-kedisi-144-yasinda-hayatini-kaybetti\/\" \/>\n<meta property=\"og:locale\" content=\"tr_TR\" \/>\n<meta property=\"og:type\" content=\"article\" \/>\n<meta property=\"og:title\" content=\"D\u00fcnyan\u0131n En Ya\u015fl\u0131 Kedisi 144 Ya\u015f\u0131nda Hayat\u0131n\u0131 Kaybetti - Petlican.com\" \/>\n<meta property=\"og:description\" content=\"Kedi ya\u015f\u0131na g\u00f6re 144 ya\u015f\u0131nda oldu\u011fu bilinen d\u00fcnyan\u0131n en ya\u015fl\u0131 kedisi Nutmeg 32 ya\u015f\u0131nda hayat\u0131n\u0131 kaybetti. Nutmeg&#8217;in ya\u015fl\u0131l\u0131\u011fa ba\u011fl\u0131 olarak kalp krizi ge\u00e7irmesi sonucu \u00f6ld\u00fc\u011f\u00fc \u00f6\u011frenildi. Hen\u00fcz 5 ya\u015f\u0131ndayken 1990 y\u0131l\u0131nda Liz ve Lan \u00e7ifti taraf\u0131ndan sahiplenen Nutmeg ge\u00e7ti\u011fimiz y\u0131l 31. ya\u015f g\u00fcn\u00fcn\u00fc pasta yiyerek kutlam\u0131\u015ft\u0131.\" \/>\n<meta property=\"og:url\" content=\"https:\/\/www.petlican.com\/blog\/dunyadan\/dunyanin-en-yasli-kedisi-144-yasinda-hayatini-kaybetti\/\" \/>\n<meta property=\"og:site_name\" content=\"Petlican.com\" \/>\n<meta property=\"article:publisher\" content=\"https:\/\/www.facebook.com\/petlican\/\" \/>\n<meta property=\"article:published_time\" content=\"2017-09-15T10:19:11+00:00\" \/>\n<meta property=\"article:modified_time\" content=\"2017-09-29T07:51:57+00:00\" \/>\n<meta property=\"og:image\" content=\"https:\/\/www.petlican.com\/blog\/wp-content\/uploads\/2017\/09\/nutmeg.jpg\" \/>\n\t<meta property=\"og:image:width\" content=\"700\" \/>\n\t<meta property=\"og:image:height\" content=\"662\" \/>\n\t<meta property=\"og:image:type\" content=\"image\/jpeg\" \/>\n<meta name=\"author\" content=\"\u0130\u00e7erik Ekibi\" \/>\n<meta name=\"twitter:card\" content=\"summary_large_image\" \/>\n<meta name=\"twitter:creator\" content=\"@petlican\" \/>\n<meta name=\"twitter:site\" content=\"@petlican\" \/>\n<meta name=\"twitter:label1\" content=\"Yazan:\" \/>\n\t<meta name=\"twitter:data1\" content=\"\u0130\u00e7erik Ekibi\" \/>\n<script type=\"application\/ld+json\" class=\"yoast-schema-graph\">{\"@context\":\"https:\/\/schema.org\",\"@graph\":[{\"@type\":\"WebPage\",\"@id\":\"https:\/\/www.petlican.com\/blog\/dunyadan\/dunyanin-en-yasli-kedisi-144-yasinda-hayatini-kaybetti\/\",\"url\":\"https:\/\/www.petlican.com\/blog\/dunyadan\/dunyanin-en-yasli-kedisi-144-yasinda-hayatini-kaybetti\/\",\"name\":\"D\u00fcnyan\u0131n En Ya\u015fl\u0131 Kedisi 144 Ya\u015f\u0131nda Hayat\u0131n\u0131 Kaybetti - Petlican.com\",\"isPartOf\":{\"@id\":\"https:\/\/www.petlican.com\/blog\/#website\"},\"datePublished\":\"2017-09-15T10:19:11+00:00\",\"dateModified\":\"2017-09-29T07:51:57+00:00\",\"author\":{\"@id\":\"https:\/\/www.petlican.com\/blog\/#\/schema\/person\/bb554801d1236f339af9f6906b9c339a\"},\"breadcrumb\":{\"@id\":\"https:\/\/www.petlican.com\/blog\/dunyadan\/dunyanin-en-yasli-kedisi-144-yasinda-hayatini-kaybetti\/#breadcrumb\"},\"inLanguage\":\"tr\",\"potentialAction\":[{\"@type\":\"ReadAction\",\"target\":[\"https:\/\/www.petlican.com\/blog\/dunyadan\/dunyanin-en-yasli-kedisi-144-yasinda-hayatini-kaybetti\/\"]}]},{\"@type\":\"BreadcrumbList\",\"@id\":\"https:\/\/www.petlican.com\/blog\/dunyadan\/dunyanin-en-yasli-kedisi-144-yasinda-hayatini-kaybetti\/#breadcrumb\",\"itemListElement\":[{\"@type\":\"ListItem\",\"position\":1,\"name\":\"Ana sayfa\",\"item\":\"https:\/\/www.petlican.com\/blog\/\"},{\"@type\":\"ListItem\",\"position\":2,\"name\":\"D\u00fcnyan\u0131n En Ya\u015fl\u0131 Kedisi 144 Ya\u015f\u0131nda Hayat\u0131n\u0131 Kaybetti\"}]},{\"@type\":\"WebSite\",\"@id\":\"https:\/\/www.petlican.com\/blog\/#website\",\"url\":\"https:\/\/www.petlican.com\/blog\/\",\"name\":\"Petlican.com\",\"description\":\"\",\"potentialAction\":[{\"@type\":\"SearchAction\",\"target\":{\"@type\":\"EntryPoint\",\"urlTemplate\":\"https:\/\/www.petlican.com\/blog\/?s={search_term_string}\"},\"query-input\":\"required name=search_term_string\"}],\"inLanguage\":\"tr\"},{\"@type\":\"Person\",\"@id\":\"https:\/\/www.petlican.com\/blog\/#\/schema\/person\/bb554801d1236f339af9f6906b9c339a\",\"name\":\"\u0130\u00e7erik Ekibi\",\"image\":{\"@type\":\"ImageObject\",\"inLanguage\":\"tr\",\"@id\":\"https:\/\/www.petlican.com\/blog\/#\/schema\/person\/image\/\",\"url\":\"https:\/\/www.petlican.com\/blog\/wp-content\/uploads\/avatars\/1\/59b69f55883e5-bpfull.jpg\",\"contentUrl\":\"https:\/\/www.petlican.com\/blog\/wp-content\/uploads\/avatars\/1\/59b69f55883e5-bpfull.jpg\",\"caption\":\"\u0130\u00e7erik Ekibi\"}}]}<\/script>\n<!-- \/ Yoast SEO plugin. -->","yoast_head_json":{"title":"D\u00fcnyan\u0131n En Ya\u015fl\u0131 Kedisi 144 Ya\u015f\u0131nda Hayat\u0131n\u0131 Kaybetti - Petlican.com","robots":{"index":"index","follow":"follow","max-snippet":"max-snippet:-1","max-image-preview":"max-image-preview:large","max-video-preview":"max-video-preview:-1"},"canonical":"https:\/\/www.petlican.com\/blog\/dunyadan\/dunyanin-en-yasli-kedisi-144-yasinda-hayatini-kaybetti\/","og_locale":"tr_TR","og_type":"article","og_title":"D\u00fcnyan\u0131n En Ya\u015fl\u0131 Kedisi 144 Ya\u015f\u0131nda Hayat\u0131n\u0131 Kaybetti - Petlican.com","og_description":"Kedi ya\u015f\u0131na g\u00f6re 144 ya\u015f\u0131nda oldu\u011fu bilinen d\u00fcnyan\u0131n en ya\u015fl\u0131 kedisi Nutmeg 32 ya\u015f\u0131nda hayat\u0131n\u0131 kaybetti. Nutmeg&#8217;in ya\u015fl\u0131l\u0131\u011fa ba\u011fl\u0131 olarak kalp krizi ge\u00e7irmesi sonucu \u00f6ld\u00fc\u011f\u00fc \u00f6\u011frenildi. Hen\u00fcz 5 ya\u015f\u0131ndayken 1990 y\u0131l\u0131nda Liz ve Lan \u00e7ifti taraf\u0131ndan sahiplenen Nutmeg ge\u00e7ti\u011fimiz y\u0131l 31. ya\u015f g\u00fcn\u00fcn\u00fc pasta yiyerek kutlam\u0131\u015ft\u0131.","og_url":"https:\/\/www.petlican.com\/blog\/dunyadan\/dunyanin-en-yasli-kedisi-144-yasinda-hayatini-kaybetti\/","og_site_name":"Petlican.com","article_publisher":"https:\/\/www.facebook.com\/petlican\/","article_published_time":"2017-09-15T10:19:11+00:00","article_modified_time":"2017-09-29T07:51:57+00:00","og_image":[{"width":700,"height":662,"url":"https:\/\/www.petlican.com\/blog\/wp-content\/uploads\/2017\/09\/nutmeg.jpg","type":"image\/jpeg"}],"author":"\u0130\u00e7erik Ekibi","twitter_card":"summary_large_image","twitter_creator":"@petlican","twitter_site":"@petlican","twitter_misc":{"Yazan:":"\u0130\u00e7erik Ekibi"},"schema":{"@context":"https:\/\/schema.org","@graph":[{"@type":"WebPage","@id":"https:\/\/www.petlican.com\/blog\/dunyadan\/dunyanin-en-yasli-kedisi-144-yasinda-hayatini-kaybetti\/","url":"https:\/\/www.petlican.com\/blog\/dunyadan\/dunyanin-en-yasli-kedisi-144-yasinda-hayatini-kaybetti\/","name":"D\u00fcnyan\u0131n En Ya\u015fl\u0131 Kedisi 144 Ya\u015f\u0131nda Hayat\u0131n\u0131 Kaybetti - Petlican.com","isPartOf":{"@id":"https:\/\/www.petlican.com\/blog\/#website"},"datePublished":"2017-09-15T10:19:11+00:00","dateModified":"2017-09-29T07:51:57+00:00","author":{"@id":"https:\/\/www.petlican.com\/blog\/#\/schema\/person\/bb554801d1236f339af9f6906b9c339a"},"breadcrumb":{"@id":"https:\/\/www.petlican.com\/blog\/dunyadan\/dunyanin-en-yasli-kedisi-144-yasinda-hayatini-kaybetti\/#breadcrumb"},"inLanguage":"tr","potentialAction":[{"@type":"ReadAction","target":["https:\/\/www.petlican.com\/blog\/dunyadan\/dunyanin-en-yasli-kedisi-144-yasinda-hayatini-kaybetti\/"]}]},{"@type":"BreadcrumbList","@id":"https:\/\/www.petlican.com\/blog\/dunyadan\/dunyanin-en-yasli-kedisi-144-yasinda-hayatini-kaybetti\/#breadcrumb","itemListElement":[{"@type":"ListItem","position":1,"name":"Ana sayfa","item":"https:\/\/www.petlican.com\/blog\/"},{"@type":"ListItem","position":2,"name":"D\u00fcnyan\u0131n En Ya\u015fl\u0131 Kedisi 144 Ya\u015f\u0131nda Hayat\u0131n\u0131 Kaybetti"}]},{"@type":"WebSite","@id":"https:\/\/www.petlican.com\/blog\/#website","url":"https:\/\/www.petlican.com\/blog\/","name":"Petlican.com","description":"","potentialAction":[{"@type":"SearchAction","target":{"@type":"EntryPoint","urlTemplate":"https:\/\/www.petlican.com\/blog\/?s={search_term_string}"},"query-input":"required name=search_term_string"}],"inLanguage":"tr"},{"@type":"Person","@id":"https:\/\/www.petlican.com\/blog\/#\/schema\/person\/bb554801d1236f339af9f6906b9c339a","name":"\u0130\u00e7erik Ekibi","image":{"@type":"ImageObject","inLanguage":"tr","@id":"https:\/\/www.petlican.com\/blog\/#\/schema\/person\/image\/","url":"https:\/\/www.petlican.com\/blog\/wp-content\/uploads\/avatars\/1\/59b69f55883e5-bpfull.jpg","contentUrl":"https:\/\/www.petlican.com\/blog\/wp-content\/uploads\/avatars\/1\/59b69f55883e5-bpfull.jpg","caption":"\u0130\u00e7erik Ekibi"}}]}},"_links":{"self":[{"href":"https:\/\/www.petlican.com\/blog\/wp-json\/wp\/v2\/posts\/1718"}],"collection":[{"href":"https:\/\/www.petlican.com\/blog\/wp-json\/wp\/v2\/posts"}],"about":[{"href":"https:\/\/www.petlican.com\/blog\/wp-json\/wp\/v2\/types\/post"}],"author":[{"embeddable":true,"href":"https:\/\/www.petlican.com\/blog\/wp-json\/wp\/v2\/users\/1"}],"replies":[{"embeddable":true,"href":"https:\/\/www.petlican.com\/blog\/wp-json\/wp\/v2\/comments?post=1718"}],"version-history":[{"count":0,"href":"https:\/\/www.petlican.com\/blog\/wp-json\/wp\/v2\/posts\/1718\/revisions"}],"wp:featuredmedia":[{"embeddable":true,"href":"https:\/\/www.petlican.com\/blog\/wp-json\/wp\/v2\/media\/1722"}],"wp:attachment":[{"href":"https:\/\/www.petlican.com\/blog\/wp-json\/wp\/v2\/media?parent=1718"}],"wp:term":[{"taxonomy":"category","embeddable":true,"href":"https:\/\/www.petlican.com\/blog\/wp-json\/wp\/v2\/categories?post=1718"},{"taxonomy":"post_tag","embeddable":true,"href":"https:\/\/www.petlican.com\/blog\/wp-json\/wp\/v2\/tags?post=1718"}],"curies":[{"name":"wp","href":"https:\/\/api.w.org\/{rel}","templated":true}]}}