{"id":100,"date":"2017-09-17T18:28:05","date_gmt":"2017-09-17T15:28:05","guid":{"rendered":"https:\/\/www.petlican.com\/blog\/?p=100"},"modified":"2017-09-29T10:51:42","modified_gmt":"2017-09-29T07:51:42","slug":"kediler-kac-sene-yasar","status":"publish","type":"post","link":"https:\/\/www.petlican.com\/blog\/kediler\/kediler-kac-sene-yasar\/","title":{"rendered":"Kediler Ka\u00e7 Sene Ya\u015far?"},"content":{"rendered":"<p><a href=\"https:\/\/www.petlican.com\/blog\/wp-content\/uploads\/2016\/02\/Kediler-Ka\u00e7-Sene-Ya\u015far.jpg\" rel=\"attachment wp-att-105\"><img decoding=\"async\" class=\"aligncenter size-full wp-image-105\" src=\"https:\/\/www.petlican.com\/blog\/wp-content\/uploads\/2016\/02\/Kediler-Ka\u00e7-Sene-Ya\u015far.jpg\" alt=\"Kediler Ka\u00e7 Sene Ya\u015far\" width=\"578\" height=\"281\" \/><\/a><\/p>\n<p>Bug\u00fcnk\u00fc yaz\u0131m\u0131zda bir\u00e7ok kedi sahibi i\u00e7in merak konusu olan bir konuya de\u011finece\u011fiz. Kediler ka\u00e7 sene ya\u015far? Tahmin edersiniz ki bu soruya bir \u00e7\u0131rp\u0131da veya net bir cevap vermek m\u00fcmk\u00fcn de\u011fil. Fakat istatistiklerden ortak bir \u00e7\u0131kar\u0131m yaparak yakla\u015f\u0131k bir cevap vermek m\u00fcmk\u00fcnd\u00fcr. Kedilerin ya\u015fam s\u00fcresi, her canl\u0131n\u0131n oldu\u011fu gibi; beslenme al\u0131\u015fkanl\u0131klar\u0131na, genetik ya da bula\u015f\u0131c\u0131 olarak ge\u00e7en hastal\u0131klara, ya\u015fam ko\u015fullar\u0131na g\u00f6re de\u011fi\u015fkenlik g\u00f6sterir. Bu yaz\u0131m\u0131zda ne kadar s\u00fcre ya\u015farlar sorusuna ortalama bir cevap vermenin yan\u0131 s\u0131ra nas\u0131l daha uzun ya\u015farlar sorusunun da alt\u0131n\u0131 \u00e7izmi\u015f olaca\u011f\u0131z.<\/p>\n<figure id=\"attachment_101\" aria-describedby=\"caption-attachment-101\" style=\"width: 270px\" class=\"wp-caption aligncenter\"><a href=\"https:\/\/www.petlican.com\/blog\/wp-content\/uploads\/2016\/02\/creme-puff.jpg\" rel=\"attachment wp-att-101\"><img decoding=\"async\" class=\" wp-image-101\" src=\"https:\/\/www.petlican.com\/blog\/wp-content\/uploads\/2016\/02\/creme-puff.jpg\" alt=\"Tarihin en ya\u015fl\u0131 kedisi, 28 y\u0131l 3 g\u00fcnl\u00fck ya\u015fant\u0131s\u0131n\u0131n ard\u0131ndan hayata veda etmi\u015ftir.\" width=\"270\" height=\"405\" \/><\/a><figcaption id=\"caption-attachment-101\" class=\"wp-caption-text\">Tarihin en ya\u015fl\u0131 kedisi Creme Puff, 28 y\u0131l 3 g\u00fcnl\u00fck ya\u015fant\u0131s\u0131n\u0131n ard\u0131ndan hayata veda etmi\u015ftir.<\/figcaption><\/figure>\n<p><strong>Tarihin en ya\u015fl\u0131 kedisi<\/strong> olarak bilinen Amerika\u2019n\u0131n Teksas eyaletinde 1967\u2019de do\u011fan ve 2005 senesinde hayata g\u00f6zlerini yuman <strong>Creme Puff<\/strong> adl\u0131 kediydi. Tam olarak <strong>28 y\u0131l 3 g\u00fcn ya\u015fam\u0131\u015f <\/strong>olan Puff, tarihin en \u00e7ok ya\u015fayan kedisidir. Hatta bir\u00e7ok sitede <strong>Creme Puff ya\u015fam s\u0131rlar\u0131<\/strong> ya da <strong>Puff dieti<\/strong> gibi yaz\u0131lara rastlayabilirsiniz.<\/p>\n<figure id=\"attachment_102\" aria-describedby=\"caption-attachment-102\" style=\"width: 445px\" class=\"wp-caption aligncenter\"><a href=\"https:\/\/www.petlican.com\/blog\/wp-content\/uploads\/2016\/02\/Tiffany.jpeg\" rel=\"attachment wp-att-102\"><img decoding=\"async\" class=\" wp-image-102\" src=\"https:\/\/www.petlican.com\/blog\/wp-content\/uploads\/2016\/02\/Tiffany.jpeg\" alt=\"Kediler Ka\u00e7 Sene Ya\u015far?\" width=\"445\" height=\"246\" \/><\/a><figcaption id=\"caption-attachment-102\" class=\"wp-caption-text\">Tiffany Two, 27 ya\u015f\u0131na kadar ya\u015fam\u0131\u015ft\u0131r.<\/figcaption><\/figure>\n<p>D\u00fcnyan\u0131n en ya\u015fl\u0131 ikinci kedisi <strong>Tiffany Two<\/strong>, Amerika\u2019n\u0131n California eyaletinde <strong>27 ya\u015f\u0131nda<\/strong> uyur vaziyette ya\u015fam\u0131n\u0131 yitirdi. Ekim 2014 senesinde Guiness D\u00fcnya Rekorlar\u0131 kitab\u0131nda yer almaya hak kazanm\u0131\u015ft\u0131. Ya\u015fl\u0131 kedinin sahibi Voorhes en yak\u0131n\u0131n dostunun kayb\u0131ndan sonra her \u015fey konusunda i\u00e7inin rahat oldu\u011funu, Tiffany\u2019nin kendisini d\u00fcnyalar kadar sevdi\u011fini ifade etti. <strong>27 y\u0131l 2 g\u00fcn 9 ayl\u0131k<\/strong> ya\u015fant\u0131s\u0131yla d\u00fcnyan\u0131n en ya\u015fl\u0131 kedisi olma \u00fcnvan\u0131n\u0131 kazanm\u0131\u015ft\u0131.<\/p>\n<figure id=\"attachment_103\" aria-describedby=\"caption-attachment-103\" style=\"width: 438px\" class=\"wp-caption aligncenter\"><a href=\"https:\/\/www.petlican.com\/blog\/wp-content\/uploads\/2016\/02\/D\u00fcnyan\u0131n-En-Ya\u015fl\u0131-Kedisi.jpg\" rel=\"attachment wp-att-103\"><img decoding=\"async\" class=\" wp-image-103\" src=\"https:\/\/www.petlican.com\/blog\/wp-content\/uploads\/2016\/02\/D\u00fcnyan\u0131n-En-Ya\u015fl\u0131-Kedisi.jpg\" alt=\"Kediler Ka\u00e7 Sene Ya\u015far?\" width=\"438\" height=\"293\" \/><\/a><figcaption id=\"caption-attachment-103\" class=\"wp-caption-text\">Poppy, insan ya\u015f\u0131yla 114; kedi ya\u015f\u0131yla 24 ya\u015f\u0131nda hayat\u0131n\u0131 kaybetmi\u015ftir.<\/figcaption><\/figure>\n<p>Tiffany\u2019den sonra d\u00fcnyan\u0131n \u00fc\u00e7\u00fcnc\u00fc en ya\u015fl\u0131 kedisi ise, insan ya\u015f\u0131yla 114; kedi ya\u015f\u0131yla 24 ya\u015f\u0131nda hayata veda eden ve Guiness D\u00fcnya Rekorlar\u0131 kitab\u0131na giren Poppy 1990 y\u0131l\u0131 \u015eubat do\u011fumluydu. \u0130ngiltere\u2019de do\u011fan Poppy\u2019nin 43 ya\u015f\u0131ndaki sahibi, onun ailenin bir \u00fcyesi oldu\u011funu ve kendisini \u00e7ok \u00fczg\u00fcn hissetti\u011fini a\u00e7\u0131klad\u0131.<\/p>\n<p>D\u00fcnyada en \u00e7ok ya\u015fayan kedilerin ba\u015f\u0131nda gelen ilk \u00fc\u00e7 kedi \u00f6rne\u011finden sonra, kedilerin ortalama ya\u015fam s\u00fcresine bir g\u00f6z atal\u0131m. <strong>Ortalama kedi \u00f6mr\u00fc<\/strong> bir\u00e7ok ara\u015ft\u0131rmaya g\u00f6re <strong>12-16 y\u0131ld\u0131r. <\/strong>Bu rakam\u0131 vermeden \u00f6nce en uzun ya\u015fayan kedi \u00f6rneklerini vermemdeki neden; kedinizin ya\u015fam\u0131n\u0131 uzatmak bir nevi sizin elinizdedir. Gentetik ve elinizde olmayan sebeplerden dolay\u0131 edindikleri \u00e7\u00f6z\u00fcm\u00fc olmayan hastal\u0131klar\u0131n d\u0131\u015f\u0131nda, kediniz i\u00e7in gereken \u00f6zeni g\u00f6sterdi\u011finiz takdirde inan bu s\u00fcrenin uzamas\u0131 ka\u00e7\u0131n\u0131lmazd\u0131r. Onlar\u0131 da bizler gibi d\u00fc\u015f\u00fcn\u00fcn. \u0130nsan ya\u015f\u0131na g\u00f6re <strong>70-75 ya\u015flar\u0131na tekab\u00fcl eden 12-16 senelik kedi ya\u015fam\u0131n\u0131n<\/strong> 20\u2019lere kadar uzat\u0131lmas\u0131 imk\u00e2ns\u0131z de\u011fildir.<\/p>\n<p>Kedinizin ihtiyac\u0131 olan besinleri i\u00e7eren kuru mama, konserve ve sebzelerle d\u00fczenli olarak beslendi\u011finde, d\u00fczenli olarak ger\u00e7ekten iyi bir veteriner taraf\u0131ndan kontrolleri yap\u0131l\u0131rsa, psikolojik olarak sevme, sevilme duygular\u0131 tatmin ediciyse kedinizin \u00f6mr\u00fc 12-16 y\u0131l kal\u0131b\u0131n\u0131n d\u0131\u015f\u0131na \u00e7\u0131kabilir. Psikolojik etkenlerden bahsetmek istiyorum. Kedinizin her ne kadar fizyolojik durumu \u00f6nemliyse; psikolojik durumu da bir o kadar \u00f6nemlidir. <a href=\"https:\/\/www.petlican.com\/blog\/kediler-neden-mutsuz-olur\/\"> Kediler Neden Mutsuz Olur? <\/a>adl\u0131 yaz\u0131m\u0131zda daha ayr\u0131nt\u0131l\u0131 bilgiye ula\u015fabilir, kedinize daha mutlu bir ya\u015fam sunabilirsiniz. Bunun d\u0131\u015f\u0131nda eklemek istedi\u011fim bir ba\u015fka nokta da; kedinizin dilinden anlaman\u0131z gerekir. Kediler kar\u015f\u0131n\u0131za ge\u00e7ip de \u00f6ylesine miyavlamaz. Her yapt\u0131\u011f\u0131 hareketle size bir \u015feyler anlatmak ister. Onun derdinden ne kadar iyi anlarsan\u0131z o kadar h\u0131zl\u0131 bir \u015fekilde \u00e7\u00f6z\u00fcmler \u00fcretebilirsiniz.<\/p>\n","protected":false},"excerpt":{"rendered":"<p>Bug\u00fcnk\u00fc yaz\u0131m\u0131zda bir\u00e7ok kedi sahibi i\u00e7in merak konusu olan bir konuya de\u011finece\u011fiz. Kediler ka\u00e7 sene ya\u015far? Tahmin edersiniz ki bu soruya bir \u00e7\u0131rp\u0131da veya net bir cevap vermek m\u00fcmk\u00fcn de\u011fil. Fakat istatistiklerden ortak bir \u00e7\u0131kar\u0131m yaparak yakla\u015f\u0131k bir cevap vermek m\u00fcmk\u00fcnd\u00fcr. Kedilerin ya\u015fam s\u00fcresi, her canl\u0131n\u0131n oldu\u011fu gibi; beslenme al\u0131\u015fkanl\u0131klar\u0131na, genetik ya da bula\u015f\u0131c\u0131 olarak&#8230;<\/p>\n","protected":false},"author":2,"featured_media":1425,"comment_status":"open","ping_status":"open","sticky":false,"template":"","format":"standard","meta":[],"categories":[117],"tags":[115,195,116,196,197,198,199],"yoast_head":"<!-- This site is optimized with the Yoast SEO plugin v20.4 - https:\/\/yoast.com\/wordpress\/plugins\/seo\/ -->\n<title>Kediler Ka\u00e7 Sene Ya\u015far? - Petlican.com<\/title>\n<meta name=\"robots\" content=\"index, follow, max-snippet:-1, max-image-preview:large, max-video-preview:-1\" \/>\n<link rel=\"canonical\" href=\"https:\/\/www.petlican.com\/blog\/kediler\/kediler-kac-sene-yasar\/\" \/>\n<meta property=\"og:locale\" content=\"tr_TR\" \/>\n<meta property=\"og:type\" content=\"article\" \/>\n<meta property=\"og:title\" content=\"Kediler Ka\u00e7 Sene Ya\u015far? - Petlican.com\" \/>\n<meta property=\"og:description\" content=\"Bug\u00fcnk\u00fc yaz\u0131m\u0131zda bir\u00e7ok kedi sahibi i\u00e7in merak konusu olan bir konuya de\u011finece\u011fiz. Kediler ka\u00e7 sene ya\u015far? Tahmin edersiniz ki bu soruya bir \u00e7\u0131rp\u0131da veya net bir cevap vermek m\u00fcmk\u00fcn de\u011fil. Fakat istatistiklerden ortak bir \u00e7\u0131kar\u0131m yaparak yakla\u015f\u0131k bir cevap vermek m\u00fcmk\u00fcnd\u00fcr. Kedilerin ya\u015fam s\u00fcresi, her canl\u0131n\u0131n oldu\u011fu gibi; beslenme al\u0131\u015fkanl\u0131klar\u0131na, genetik ya da bula\u015f\u0131c\u0131 olarak...\" \/>\n<meta property=\"og:url\" content=\"https:\/\/www.petlican.com\/blog\/kediler\/kediler-kac-sene-yasar\/\" \/>\n<meta property=\"og:site_name\" content=\"Petlican.com\" \/>\n<meta property=\"article:publisher\" content=\"https:\/\/www.facebook.com\/petlican\/\" \/>\n<meta property=\"article:published_time\" content=\"2017-09-17T15:28:05+00:00\" \/>\n<meta property=\"article:modified_time\" content=\"2017-09-29T07:51:42+00:00\" \/>\n<meta property=\"og:image\" content=\"https:\/\/www.petlican.com\/blog\/wp-content\/uploads\/2016\/03\/kediler-kac-sene-yasar.jpg\" \/>\n\t<meta property=\"og:image:width\" content=\"578\" \/>\n\t<meta property=\"og:image:height\" content=\"281\" \/>\n\t<meta property=\"og:image:type\" content=\"image\/jpeg\" \/>\n<meta name=\"author\" content=\"Kedigiller\" \/>\n<meta name=\"twitter:card\" content=\"summary_large_image\" \/>\n<meta name=\"twitter:creator\" content=\"@petlican\" \/>\n<meta name=\"twitter:site\" content=\"@petlican\" \/>\n<meta name=\"twitter:label1\" content=\"Yazan:\" \/>\n\t<meta name=\"twitter:data1\" content=\"Kedigiller\" \/>\n\t<meta name=\"twitter:label2\" content=\"Tahmini okuma s\u00fcresi\" \/>\n\t<meta name=\"twitter:data2\" content=\"3 dakika\" \/>\n<script type=\"application\/ld+json\" class=\"yoast-schema-graph\">{\"@context\":\"https:\/\/schema.org\",\"@graph\":[{\"@type\":\"WebPage\",\"@id\":\"https:\/\/www.petlican.com\/blog\/kediler\/kediler-kac-sene-yasar\/\",\"url\":\"https:\/\/www.petlican.com\/blog\/kediler\/kediler-kac-sene-yasar\/\",\"name\":\"Kediler Ka\u00e7 Sene Ya\u015far? - Petlican.com\",\"isPartOf\":{\"@id\":\"https:\/\/www.petlican.com\/blog\/#website\"},\"datePublished\":\"2017-09-17T15:28:05+00:00\",\"dateModified\":\"2017-09-29T07:51:42+00:00\",\"author\":{\"@id\":\"https:\/\/www.petlican.com\/blog\/#\/schema\/person\/be88e03fd0c9fb444388398cc9810c68\"},\"breadcrumb\":{\"@id\":\"https:\/\/www.petlican.com\/blog\/kediler\/kediler-kac-sene-yasar\/#breadcrumb\"},\"inLanguage\":\"tr\",\"potentialAction\":[{\"@type\":\"ReadAction\",\"target\":[\"https:\/\/www.petlican.com\/blog\/kediler\/kediler-kac-sene-yasar\/\"]}]},{\"@type\":\"BreadcrumbList\",\"@id\":\"https:\/\/www.petlican.com\/blog\/kediler\/kediler-kac-sene-yasar\/#breadcrumb\",\"itemListElement\":[{\"@type\":\"ListItem\",\"position\":1,\"name\":\"Ana sayfa\",\"item\":\"https:\/\/www.petlican.com\/blog\/\"},{\"@type\":\"ListItem\",\"position\":2,\"name\":\"Kediler Ka\u00e7 Sene Ya\u015far?\"}]},{\"@type\":\"WebSite\",\"@id\":\"https:\/\/www.petlican.com\/blog\/#website\",\"url\":\"https:\/\/www.petlican.com\/blog\/\",\"name\":\"Petlican.com\",\"description\":\"\",\"potentialAction\":[{\"@type\":\"SearchAction\",\"target\":{\"@type\":\"EntryPoint\",\"urlTemplate\":\"https:\/\/www.petlican.com\/blog\/?s={search_term_string}\"},\"query-input\":\"required name=search_term_string\"}],\"inLanguage\":\"tr\"},{\"@type\":\"Person\",\"@id\":\"https:\/\/www.petlican.com\/blog\/#\/schema\/person\/be88e03fd0c9fb444388398cc9810c68\",\"name\":\"Kedigiller\",\"image\":{\"@type\":\"ImageObject\",\"inLanguage\":\"tr\",\"@id\":\"https:\/\/www.petlican.com\/blog\/#\/schema\/person\/image\/\",\"url\":\"https:\/\/www.petlican.com\/blog\/wp-content\/uploads\/avatars\/2\/59dddfe2b56f4-bpfull.jpg\",\"contentUrl\":\"https:\/\/www.petlican.com\/blog\/wp-content\/uploads\/avatars\/2\/59dddfe2b56f4-bpfull.jpg\",\"caption\":\"Kedigiller\"}}]}<\/script>\n<!-- \/ Yoast SEO plugin. -->","yoast_head_json":{"title":"Kediler Ka\u00e7 Sene Ya\u015far? - Petlican.com","robots":{"index":"index","follow":"follow","max-snippet":"max-snippet:-1","max-image-preview":"max-image-preview:large","max-video-preview":"max-video-preview:-1"},"canonical":"https:\/\/www.petlican.com\/blog\/kediler\/kediler-kac-sene-yasar\/","og_locale":"tr_TR","og_type":"article","og_title":"Kediler Ka\u00e7 Sene Ya\u015far? - Petlican.com","og_description":"Bug\u00fcnk\u00fc yaz\u0131m\u0131zda bir\u00e7ok kedi sahibi i\u00e7in merak konusu olan bir konuya de\u011finece\u011fiz. Kediler ka\u00e7 sene ya\u015far? Tahmin edersiniz ki bu soruya bir \u00e7\u0131rp\u0131da veya net bir cevap vermek m\u00fcmk\u00fcn de\u011fil. Fakat istatistiklerden ortak bir \u00e7\u0131kar\u0131m yaparak yakla\u015f\u0131k bir cevap vermek m\u00fcmk\u00fcnd\u00fcr. Kedilerin ya\u015fam s\u00fcresi, her canl\u0131n\u0131n oldu\u011fu gibi; beslenme al\u0131\u015fkanl\u0131klar\u0131na, genetik ya da bula\u015f\u0131c\u0131 olarak...","og_url":"https:\/\/www.petlican.com\/blog\/kediler\/kediler-kac-sene-yasar\/","og_site_name":"Petlican.com","article_publisher":"https:\/\/www.facebook.com\/petlican\/","article_published_time":"2017-09-17T15:28:05+00:00","article_modified_time":"2017-09-29T07:51:42+00:00","og_image":[{"width":578,"height":281,"url":"https:\/\/www.petlican.com\/blog\/wp-content\/uploads\/2016\/03\/kediler-kac-sene-yasar.jpg","type":"image\/jpeg"}],"author":"Kedigiller","twitter_card":"summary_large_image","twitter_creator":"@petlican","twitter_site":"@petlican","twitter_misc":{"Yazan:":"Kedigiller","Tahmini okuma s\u00fcresi":"3 dakika"},"schema":{"@context":"https:\/\/schema.org","@graph":[{"@type":"WebPage","@id":"https:\/\/www.petlican.com\/blog\/kediler\/kediler-kac-sene-yasar\/","url":"https:\/\/www.petlican.com\/blog\/kediler\/kediler-kac-sene-yasar\/","name":"Kediler Ka\u00e7 Sene Ya\u015far? - Petlican.com","isPartOf":{"@id":"https:\/\/www.petlican.com\/blog\/#website"},"datePublished":"2017-09-17T15:28:05+00:00","dateModified":"2017-09-29T07:51:42+00:00","author":{"@id":"https:\/\/www.petlican.com\/blog\/#\/schema\/person\/be88e03fd0c9fb444388398cc9810c68"},"breadcrumb":{"@id":"https:\/\/www.petlican.com\/blog\/kediler\/kediler-kac-sene-yasar\/#breadcrumb"},"inLanguage":"tr","potentialAction":[{"@type":"ReadAction","target":["https:\/\/www.petlican.com\/blog\/kediler\/kediler-kac-sene-yasar\/"]}]},{"@type":"BreadcrumbList","@id":"https:\/\/www.petlican.com\/blog\/kediler\/kediler-kac-sene-yasar\/#breadcrumb","itemListElement":[{"@type":"ListItem","position":1,"name":"Ana sayfa","item":"https:\/\/www.petlican.com\/blog\/"},{"@type":"ListItem","position":2,"name":"Kediler Ka\u00e7 Sene Ya\u015far?"}]},{"@type":"WebSite","@id":"https:\/\/www.petlican.com\/blog\/#website","url":"https:\/\/www.petlican.com\/blog\/","name":"Petlican.com","description":"","potentialAction":[{"@type":"SearchAction","target":{"@type":"EntryPoint","urlTemplate":"https:\/\/www.petlican.com\/blog\/?s={search_term_string}"},"query-input":"required name=search_term_string"}],"inLanguage":"tr"},{"@type":"Person","@id":"https:\/\/www.petlican.com\/blog\/#\/schema\/person\/be88e03fd0c9fb444388398cc9810c68","name":"Kedigiller","image":{"@type":"ImageObject","inLanguage":"tr","@id":"https:\/\/www.petlican.com\/blog\/#\/schema\/person\/image\/","url":"https:\/\/www.petlican.com\/blog\/wp-content\/uploads\/avatars\/2\/59dddfe2b56f4-bpfull.jpg","contentUrl":"https:\/\/www.petlican.com\/blog\/wp-content\/uploads\/avatars\/2\/59dddfe2b56f4-bpfull.jpg","caption":"Kedigiller"}}]}},"_links":{"self":[{"href":"https:\/\/www.petlican.com\/blog\/wp-json\/wp\/v2\/posts\/100"}],"collection":[{"href":"https:\/\/www.petlican.com\/blog\/wp-json\/wp\/v2\/posts"}],"about":[{"href":"https:\/\/www.petlican.com\/blog\/wp-json\/wp\/v2\/types\/post"}],"author":[{"embeddable":true,"href":"https:\/\/www.petlican.com\/blog\/wp-json\/wp\/v2\/users\/2"}],"replies":[{"embeddable":true,"href":"https:\/\/www.petlican.com\/blog\/wp-json\/wp\/v2\/comments?post=100"}],"version-history":[{"count":0,"href":"https:\/\/www.petlican.com\/blog\/wp-json\/wp\/v2\/posts\/100\/revisions"}],"wp:featuredmedia":[{"embeddable":true,"href":"https:\/\/www.petlican.com\/blog\/wp-json\/wp\/v2\/media\/1425"}],"wp:attachment":[{"href":"https:\/\/www.petlican.com\/blog\/wp-json\/wp\/v2\/media?parent=100"}],"wp:term":[{"taxonomy":"category","embeddable":true,"href":"https:\/\/www.petlican.com\/blog\/wp-json\/wp\/v2\/categories?post=100"},{"taxonomy":"post_tag","embeddable":true,"href":"https:\/\/www.petlican.com\/blog\/wp-json\/wp\/v2\/tags?post=100"}],"curies":[{"name":"wp","href":"https:\/\/api.w.org\/{rel}","templated":true}]}}